{"id":888,"date":"2024-06-10T19:49:26","date_gmt":"2024-06-10T22:49:26","guid":{"rendered":"https:\/\/elfaroonline.com.ar\/?p=888"},"modified":"2024-06-10T19:49:26","modified_gmt":"2024-06-10T22:49:26","slug":"raul-jalil-superviso-las-obras-del-moderno-polideportivo-que-se-construye-en-valle-viejo","status":"publish","type":"post","link":"https:\/\/elfaroonline.com.ar\/index.php\/2024\/06\/10\/raul-jalil-superviso-las-obras-del-moderno-polideportivo-que-se-construye-en-valle-viejo\/","title":{"rendered":"Ra\u00fal Jalil  supervis\u00f3 las obras del moderno Polideportivo que se construye en Valle Viejo"},"content":{"rendered":"<p class=\"v1MsoNormal\">El gobernador Ra\u00fal Jalil y la intendenta Susana Zenteno recorrieron \u00a0las obras en construcci\u00f3n de lo que ser\u00e1 el nuevo Polideportivo de Valle Viejo. Este proyecto, destinado a convertirse en un hito para la comunidad, se encuentra con gran avance y promete ofrecer instalaciones de primer nivel para diversos eventos deportivos y sociales.<\/p>\n<p class=\"v1MsoNormal\">El Polideportivo de Valle Viejo est\u00e1 compuesto por dos vol\u00famenes independientes. El primero incluye la cancha principal y las tribunas, mientras que el segundo est\u00e1 destinado a servicios gastron\u00f3micos en la planta baja, oficinas administrativas y un gimnasio con sala de baile en la planta alta. Ambos vol\u00famenes se conectan mediante un hall de acceso, permitiendo a los visitantes ingresar c\u00f3modamente desde la avenida principal y desplazarse hacia la parte de la pileta.<\/p>\n<p class=\"v1MsoNormal\">Otro de los detalles constructivos es que las canchas de v\u00f3ley y b\u00e1squet se destacan por su piso de madera de alta calidad, cumpliendo con los est\u00e1ndares internacionales exigidos para este tipo de instalaciones. Esta caracter\u00edstica subraya el compromiso del Gobierno provincial y municipal en ofrecer infraestructura de primer nivel para fomentar el deporte y la recreaci\u00f3n en la comunidad.<\/p>\n<p class=\"v1MsoNormal\">Ubicado en un punto estrat\u00e9gico de Valle Viejo, el Polideportivo ser\u00e1 f\u00e1cilmente accesible para todos los vecinos, quienes podr\u00e1n disfrutar de una amplia variedad de espect\u00e1culos y actividades. Las modernas instalaciones no solo servir\u00e1n para eventos deportivos, sino tambi\u00e9n para otros tipos de encuentros que fortalecer\u00e1n el sentido social del departamento.<\/p>\n","protected":false},"excerpt":{"rendered":"<p>El gobernador Ra\u00fal Jalil y la intendenta Susana Zenteno recorrieron \u00a0las obras en construcci\u00f3n de lo que ser\u00e1 el nuevo Polideportivo de Valle Viejo. Este proyecto, destinado a convertirse en un hito para la comunidad, se encuentra con gran avance y promete ofrecer instalaciones de primer nivel para diversos eventos deportivos y sociales. El Polideportivo [&hellip;]<\/p>\n","protected":false},"author":2,"featured_media":889,"comment_status":"open","ping_status":"open","sticky":false,"template":"","format":"standard","meta":{"footnotes":""},"categories":[25],"tags":[],"class_list":{"0":"post-888","1":"post","2":"type-post","3":"status-publish","4":"format-standard","5":"has-post-thumbnail","7":"category-deportes"},"aioseo_notices":[],"_links":{"self":[{"href":"https:\/\/elfaroonline.com.ar\/index.php\/wp-json\/wp\/v2\/posts\/888","targetHints":{"allow":["GET"]}}],"collection":[{"href":"https:\/\/elfaroonline.com.ar\/index.php\/wp-json\/wp\/v2\/posts"}],"about":[{"href":"https:\/\/elfaroonline.com.ar\/index.php\/wp-json\/wp\/v2\/types\/post"}],"author":[{"embeddable":true,"href":"https:\/\/elfaroonline.com.ar\/index.php\/wp-json\/wp\/v2\/users\/2"}],"replies":[{"embeddable":true,"href":"https:\/\/elfaroonline.com.ar\/index.php\/wp-json\/wp\/v2\/comments?post=888"}],"version-history":[{"count":1,"href":"https:\/\/elfaroonline.com.ar\/index.php\/wp-json\/wp\/v2\/posts\/888\/revisions"}],"predecessor-version":[{"id":890,"href":"https:\/\/elfaroonline.com.ar\/index.php\/wp-json\/wp\/v2\/posts\/888\/revisions\/890"}],"wp:featuredmedia":[{"embeddable":true,"href":"https:\/\/elfaroonline.com.ar\/index.php\/wp-json\/wp\/v2\/media\/889"}],"wp:attachment":[{"href":"https:\/\/elfaroonline.com.ar\/index.php\/wp-json\/wp\/v2\/media?parent=888"}],"wp:term":[{"taxonomy":"category","embeddable":true,"href":"https:\/\/elfaroonline.com.ar\/index.php\/wp-json\/wp\/v2\/categories?post=888"},{"taxonomy":"post_tag","embeddable":true,"href":"https:\/\/elfaroonline.com.ar\/index.php\/wp-json\/wp\/v2\/tags?post=888"}],"curies":[{"name":"wp","href":"https:\/\/api.w.org\/{rel}","templated":true}]}}