{"id":891,"date":"2024-06-10T19:51:28","date_gmt":"2024-06-10T22:51:28","guid":{"rendered":"https:\/\/elfaroonline.com.ar\/?p=891"},"modified":"2024-06-10T19:51:28","modified_gmt":"2024-06-10T22:51:28","slug":"raul-jalil-firmo-acuerdo-con-nacion-para-la-reactivacion-de-obras-publicas-y-viviendas","status":"publish","type":"post","link":"https:\/\/elfaroonline.com.ar\/index.php\/2024\/06\/10\/raul-jalil-firmo-acuerdo-con-nacion-para-la-reactivacion-de-obras-publicas-y-viviendas\/","title":{"rendered":"Ra\u00fal Jalil  firm\u00f3 acuerdo con Naci\u00f3n para la reactivaci\u00f3n de obras p\u00fablicas y viviendas"},"content":{"rendered":"<p>&nbsp;<\/p>\n<p>El gobernador Ra\u00fal Jalil fue recibido este lunes en Casa Rosada por el jefe de Gabinete, Guillermo Francos, para la firma de convenios que estipulan el traspaso y la colaboraci\u00f3n en materia de obras p\u00fablicas y de vivienda.<\/p>\n<p>El acuerdo marco establece que el Gobierno nacional transferir\u00e1 a Catamarca una serie de obras viales, h\u00eddricas, de saneamiento, de vivienda, y de infraestructura social, escolar, urbana y cultural. Al mismo tiempo, la Naci\u00f3n continuar\u00e1 con la ejecuci\u00f3n de otras obras estrat\u00e9gicas que ya se encontraban en curso.<\/p>\n<p>El convenio incluye la reactivaci\u00f3n de la obra p\u00fablica con una inversi\u00f3n de $25 mil millones para proyectos de rutas, puentes y cloacas, y $6.500 millones para la reactivaci\u00f3n de viviendas en distintos puntos de la provincia.<\/p>\n<p>Durante la firma, tambi\u00e9n participaron el secretario de Obras P\u00fablicas, Luis Giovine, y el secretario de Desarrollo Territorial, H\u00e1bitat y Vivienda, Rodrigo Aybar. La provincia de Catamarca se compromete a asumir la financiaci\u00f3n o ejecuci\u00f3n de las obras detalladas en el acuerdo.<\/p>\n<p>El gobernador Jalil estuvo acompa\u00f1ado por el senador nacional, Guillermo Andrada; el diputado nacional, Sebasti\u00e1n Noblega; y el asesor general de Gobierno, Nicol\u00e1s Rosales.<\/p>\n<p>Entre las obras transferidas se destacan la construcci\u00f3n de Centros de Desarrollo Infantil en Tinogasta, Los Altos, Recreo y Pom\u00e1n, la reactivaci\u00f3n de puentes en el interior provincial, y la finalizaci\u00f3n de obras h\u00eddricas, de saneamiento, mejoramiento urbano, rutas y caminos.<\/p>\n<p>Respecto a las obras de viviendas, se celebr\u00f3 un acuerdo marco de colaboraci\u00f3n en el marco del \u201cPrograma Casa Propia &#8211; Construir Futuro\u201d, que permitir\u00e1 la reactivaci\u00f3n de m\u00e1s de 30 proyectos habitacionales en toda la provincia, totalizando m\u00e1s de mil viviendas para las familias catamarque\u00f1as. La Secretar\u00eda de Desarrollo Territorial, H\u00e1bitat y Vivienda se compromete a asistir financieramente a la provincia hasta alcanzar la suma necesaria conforme a los mecanismos establecidos en el programa.<\/p>\n<p>Se acord\u00f3 que, en caso de que los fondos aportados por la Naci\u00f3n resulten insuficientes para concluir las obras, la provincia asumir\u00e1 la financiaci\u00f3n exclusiva de los saldos pendientes.<\/p>\n<p>Estos acuerdos buscan establecer un marco claro para la distribuci\u00f3n de responsabilidades financieras y de ejecuci\u00f3n entre la Naci\u00f3n y la provincia, con el objetivo de optimizar la gesti\u00f3n y desarrollo de las obras p\u00fablicas en curso, en un contexto de emergencia p\u00fablica y fiscal que atraviesa el pa\u00eds.<\/p>\n","protected":false},"excerpt":{"rendered":"<p>&nbsp; El gobernador Ra\u00fal Jalil fue recibido este lunes en Casa Rosada por el jefe de Gabinete, Guillermo Francos, para la firma de convenios que estipulan el traspaso y la colaboraci\u00f3n en materia de obras p\u00fablicas y de vivienda. El acuerdo marco establece que el Gobierno nacional transferir\u00e1 a Catamarca una serie de obras viales, [&hellip;]<\/p>\n","protected":false},"author":2,"featured_media":892,"comment_status":"open","ping_status":"open","sticky":false,"template":"","format":"standard","meta":{"footnotes":""},"categories":[23,21],"tags":[],"class_list":{"0":"post-891","1":"post","2":"type-post","3":"status-publish","4":"format-standard","5":"has-post-thumbnail","7":"category-destacados","8":"category-politica"},"aioseo_notices":[],"_links":{"self":[{"href":"https:\/\/elfaroonline.com.ar\/index.php\/wp-json\/wp\/v2\/posts\/891","targetHints":{"allow":["GET"]}}],"collection":[{"href":"https:\/\/elfaroonline.com.ar\/index.php\/wp-json\/wp\/v2\/posts"}],"about":[{"href":"https:\/\/elfaroonline.com.ar\/index.php\/wp-json\/wp\/v2\/types\/post"}],"author":[{"embeddable":true,"href":"https:\/\/elfaroonline.com.ar\/index.php\/wp-json\/wp\/v2\/users\/2"}],"replies":[{"embeddable":true,"href":"https:\/\/elfaroonline.com.ar\/index.php\/wp-json\/wp\/v2\/comments?post=891"}],"version-history":[{"count":1,"href":"https:\/\/elfaroonline.com.ar\/index.php\/wp-json\/wp\/v2\/posts\/891\/revisions"}],"predecessor-version":[{"id":893,"href":"https:\/\/elfaroonline.com.ar\/index.php\/wp-json\/wp\/v2\/posts\/891\/revisions\/893"}],"wp:featuredmedia":[{"embeddable":true,"href":"https:\/\/elfaroonline.com.ar\/index.php\/wp-json\/wp\/v2\/media\/892"}],"wp:attachment":[{"href":"https:\/\/elfaroonline.com.ar\/index.php\/wp-json\/wp\/v2\/media?parent=891"}],"wp:term":[{"taxonomy":"category","embeddable":true,"href":"https:\/\/elfaroonline.com.ar\/index.php\/wp-json\/wp\/v2\/categories?post=891"},{"taxonomy":"post_tag","embeddable":true,"href":"https:\/\/elfaroonline.com.ar\/index.php\/wp-json\/wp\/v2\/tags?post=891"}],"curies":[{"name":"wp","href":"https:\/\/api.w.org\/{rel}","templated":true}]}}