{"id":894,"date":"2024-06-10T19:57:23","date_gmt":"2024-06-10T22:57:23","guid":{"rendered":"https:\/\/elfaroonline.com.ar\/?p=894"},"modified":"2024-06-10T19:57:23","modified_gmt":"2024-06-10T22:57:23","slug":"la-justicia-de-brasil-condeno-a-seis-anos-de-prision-a-juan-darthes-por-estupro-contra-thelma-fardin","status":"publish","type":"post","link":"https:\/\/elfaroonline.com.ar\/index.php\/2024\/06\/10\/la-justicia-de-brasil-condeno-a-seis-anos-de-prision-a-juan-darthes-por-estupro-contra-thelma-fardin\/","title":{"rendered":"La Justicia de Brasil conden\u00f3 a seis a\u00f1os de prisi\u00f3n a Juan Darth\u00e9s por estupro contra Thelma Fardin"},"content":{"rendered":"<p>La Justicia de Brasil conden\u00f3 este lunes a <b>Juan Darth\u00e9s<\/b> a 6 a\u00f1os de prisi\u00f3n en un r\u00e9gimen semi abierto por el delito de <b>estupro.<\/b><\/p>\n<p>Fue un tribunal de San Pablo el que encontr\u00f3 al actor culpable \u201cdel delito que en la legislaci\u00f3n argentina se conoce como <b>violaci\u00f3n<\/b>, mientras que para la justicia brasile\u00f1a se llama <b>estupro\u201d.<\/b><\/p>\n<p>\u201c<b>Deber\u00e1 cumplirlo en un r\u00e9gimen semi abierto, o sea, que puede salir del penal durante el d\u00eda<\/b>\u201d detallaron.<\/p>\n<p class=\"paragraph\" data-mrf-recirculation=\"Links inline\">Tras conocerse la noticia de la condena contra Darth\u00e9s, Fardin y Amnist\u00eda Internacional dieron una conferencia de prensa donde habl\u00f3 la actriz, su abogada, <b>Paola Garc\u00eda Rey<\/b>, directora adjunta de Amnist\u00eda Internacional Argentina; y <b>Mart\u00edn Arias Duval<\/b>, abogado ante la justicia argentina.<\/p>\n<p class=\"paragraph\" data-mrf-recirculation=\"Links inline\">\u201cHoy, a pesar de lo dif\u00edcil que fue,<b> este es un escenario para el que casi no estaba preparada porque casi que hab\u00eda perdido la esperanza y la fe en la Justicia<\/b>. A pesar de que mi caso tuvo justicia, no es la realidad en todos los casos y tiene que ser una esperanza para todas las personas, hay una posibilidad de reparaci\u00f3n\u201d, fue el mensaje de la actriz.<\/p>\n<p class=\"paragraph\" data-mrf-recirculation=\"Links inline\">El juicio contra Darth\u00e9s comenz\u00f3 el <b>30 de noviembre de 2021<\/b>, dos a\u00f1os despu\u00e9s de que Fardin presentara la denuncia por <b>abuso sexual agravado <\/b>en diciembre de 2018 en <b>Nicaragua<\/b>, por hechos supuestamente consumados en 2009, cuando ella ten\u00eda 16 a\u00f1os, durante la gira de la obra<i> Patito Feo <\/i>en ese pa\u00eds.<\/p>\n<p class=\"paragraph\" data-mrf-recirculation=\"Links inline\">A mediados de mayo de 2023,<b> la Justicia de Brasil lo absolvi\u00f3 en primera instancia<\/b>. En junio de ese a\u00f1o, fue ratificada la absoluci\u00f3n del ex protagonista de la serie infantil en una instancia previa a la apelaci\u00f3n de la sentencia.<\/p>\n<p class=\"paragraph\" data-mrf-recirculation=\"Links inline\">En el sistema judicial brasile\u00f1o se denomina \u201cembargo\u201d, donde se le solicitan explicaciones al juez a cargo de la causa. El magistrado admiti\u00f3 errores materiales y que no estar\u00eda prescripto el atentado al pudor y gener\u00f3 cuestionamientos al considerar que<b> los testimonios de testigos de la serie no eran suficientes para dar por probados los tocamientos y el sexo oral.<\/b><\/p>\n","protected":false},"excerpt":{"rendered":"<p>La Justicia de Brasil conden\u00f3 este lunes a Juan Darth\u00e9s a 6 a\u00f1os de prisi\u00f3n en un r\u00e9gimen semi abierto por el delito de estupro. Fue un tribunal de San Pablo el que encontr\u00f3 al actor culpable \u201cdel delito que en la legislaci\u00f3n argentina se conoce como violaci\u00f3n, mientras que para la justicia brasile\u00f1a se [&hellip;]<\/p>\n","protected":false},"author":2,"featured_media":895,"comment_status":"open","ping_status":"open","sticky":false,"template":"","format":"standard","meta":{"footnotes":""},"categories":[27],"tags":[],"class_list":{"0":"post-894","1":"post","2":"type-post","3":"status-publish","4":"format-standard","5":"has-post-thumbnail","7":"category-policiales"},"aioseo_notices":[],"_links":{"self":[{"href":"https:\/\/elfaroonline.com.ar\/index.php\/wp-json\/wp\/v2\/posts\/894","targetHints":{"allow":["GET"]}}],"collection":[{"href":"https:\/\/elfaroonline.com.ar\/index.php\/wp-json\/wp\/v2\/posts"}],"about":[{"href":"https:\/\/elfaroonline.com.ar\/index.php\/wp-json\/wp\/v2\/types\/post"}],"author":[{"embeddable":true,"href":"https:\/\/elfaroonline.com.ar\/index.php\/wp-json\/wp\/v2\/users\/2"}],"replies":[{"embeddable":true,"href":"https:\/\/elfaroonline.com.ar\/index.php\/wp-json\/wp\/v2\/comments?post=894"}],"version-history":[{"count":1,"href":"https:\/\/elfaroonline.com.ar\/index.php\/wp-json\/wp\/v2\/posts\/894\/revisions"}],"predecessor-version":[{"id":896,"href":"https:\/\/elfaroonline.com.ar\/index.php\/wp-json\/wp\/v2\/posts\/894\/revisions\/896"}],"wp:featuredmedia":[{"embeddable":true,"href":"https:\/\/elfaroonline.com.ar\/index.php\/wp-json\/wp\/v2\/media\/895"}],"wp:attachment":[{"href":"https:\/\/elfaroonline.com.ar\/index.php\/wp-json\/wp\/v2\/media?parent=894"}],"wp:term":[{"taxonomy":"category","embeddable":true,"href":"https:\/\/elfaroonline.com.ar\/index.php\/wp-json\/wp\/v2\/categories?post=894"},{"taxonomy":"post_tag","embeddable":true,"href":"https:\/\/elfaroonline.com.ar\/index.php\/wp-json\/wp\/v2\/tags?post=894"}],"curies":[{"name":"wp","href":"https:\/\/api.w.org\/{rel}","templated":true}]}}