{"id":897,"date":"2024-06-10T20:01:59","date_gmt":"2024-06-10T23:01:59","guid":{"rendered":"https:\/\/elfaroonline.com.ar\/?p=897"},"modified":"2024-06-10T20:01:59","modified_gmt":"2024-06-10T23:01:59","slug":"con-goles-de-giuliano-simeone-la-seleccion-sub-23-derroto-2-0-a-paraguay-en-un-amistoso-preparatorio-para-los-juegos-olimpicos-de-paris","status":"publish","type":"post","link":"https:\/\/elfaroonline.com.ar\/index.php\/2024\/06\/10\/con-goles-de-giuliano-simeone-la-seleccion-sub-23-derroto-2-0-a-paraguay-en-un-amistoso-preparatorio-para-los-juegos-olimpicos-de-paris\/","title":{"rendered":"Con goles de Giuliano Simeone, la Selecci\u00f3n Sub 23 derrot\u00f3 2-0 a Paraguay en un amistoso preparatorio para los Juegos Ol\u00edmpicos de Par\u00eds"},"content":{"rendered":"<p>Luego de la aplastante victoria en el <i><b>Palacio<\/b><\/i><i><\/i><b>Tom\u00e1s Adolfo Duc\u00f3 <\/b>de <b>Hurac\u00e1n<\/b>, la <b>Selecci\u00f3n Sub 23<\/b> de <b>Javier Mascherano <\/b>volvi\u00f3 a presentarse en un nuevo amistoso para continuar con su preparaci\u00f3n de cara a los <b>Juegos Ol\u00edmpicos de Par\u00eds.<\/b> Tras el notable triunfo del s\u00e1bado por <b>4 a 0<\/b>ante <b>Paraguay,<\/b> la <i>Albiceleste<\/i> volvi\u00f3 a medir sus fuerzas frente al combinado guaran\u00ed en el estadio <b>Ciudad de Lan\u00fas &#8211; N\u00e9stor D\u00edaz P\u00e9rez<\/b>, sin la presencia de p\u00fablico.<\/p>\n<p class=\"paragraph\" data-mrf-recirculation=\"Links inline\">Con un once alternativo, el <i>Jefecito <\/i>apost\u00f3 en su ofensiva con <b>Thiago Almada <\/b>y<b> Luciano Gondou <\/b>como argumentos m\u00e1s solidos para lastimar al arco defendido por <b>Rodrigo Frutos<\/b>. Sin embargo, el que abri\u00f3 el marcador fue <b>Giulano Simeone<\/b>, quien de cabeza celebr\u00f3 el <b>1 a 0 <\/b>luego de una gran combinaci\u00f3n colectiva. El hijo del <i>Cholo<\/i>, que se desempe\u00f1a en el <b>Deportivo Alav\u00e9s <\/b>de <b>Espa\u00f1a <\/b>fue el encargado de encaminar el triunfo en un compromiso que se caracteriz\u00f3 por la pierna fuerte.<\/p>\n<div class=\"inline ad-wrapper\">\n<div class=\"dfpAd ad-inline\"><\/div>\n<\/div>\n<p class=\"paragraph\" data-mrf-recirculation=\"Links inline\">En la reanudaci\u00f3n del choque, el m\u00e1s chico de los <b>Simeone <\/b>volvi\u00f3 a marcar para sellar el<b> 2 a 0<\/b>definitivo con un violento remate desde el borde del \u00e1rea grande que se clav\u00f3 cerca del travesa\u00f1o. Otra gran conquista del delantero que pareciera garantizarle un lugar para la cita de la capital francesa. Ser\u00e1 un trabajo complejo para el estratega, dado que s\u00f3lo viajar\u00e1n<b> 18 futbolistas a Par\u00eds<\/b>.<\/p>\n","protected":false},"excerpt":{"rendered":"<p>Luego de la aplastante victoria en el PalacioTom\u00e1s Adolfo Duc\u00f3 de Hurac\u00e1n, la Selecci\u00f3n Sub 23 de Javier Mascherano volvi\u00f3 a presentarse en un nuevo amistoso para continuar con su preparaci\u00f3n de cara a los Juegos Ol\u00edmpicos de Par\u00eds. Tras el notable triunfo del s\u00e1bado por 4 a 0ante Paraguay, la Albiceleste volvi\u00f3 a medir [&hellip;]<\/p>\n","protected":false},"author":2,"featured_media":898,"comment_status":"open","ping_status":"open","sticky":false,"template":"","format":"standard","meta":{"footnotes":""},"categories":[25],"tags":[],"class_list":{"0":"post-897","1":"post","2":"type-post","3":"status-publish","4":"format-standard","5":"has-post-thumbnail","7":"category-deportes"},"aioseo_notices":[],"_links":{"self":[{"href":"https:\/\/elfaroonline.com.ar\/index.php\/wp-json\/wp\/v2\/posts\/897","targetHints":{"allow":["GET"]}}],"collection":[{"href":"https:\/\/elfaroonline.com.ar\/index.php\/wp-json\/wp\/v2\/posts"}],"about":[{"href":"https:\/\/elfaroonline.com.ar\/index.php\/wp-json\/wp\/v2\/types\/post"}],"author":[{"embeddable":true,"href":"https:\/\/elfaroonline.com.ar\/index.php\/wp-json\/wp\/v2\/users\/2"}],"replies":[{"embeddable":true,"href":"https:\/\/elfaroonline.com.ar\/index.php\/wp-json\/wp\/v2\/comments?post=897"}],"version-history":[{"count":1,"href":"https:\/\/elfaroonline.com.ar\/index.php\/wp-json\/wp\/v2\/posts\/897\/revisions"}],"predecessor-version":[{"id":899,"href":"https:\/\/elfaroonline.com.ar\/index.php\/wp-json\/wp\/v2\/posts\/897\/revisions\/899"}],"wp:featuredmedia":[{"embeddable":true,"href":"https:\/\/elfaroonline.com.ar\/index.php\/wp-json\/wp\/v2\/media\/898"}],"wp:attachment":[{"href":"https:\/\/elfaroonline.com.ar\/index.php\/wp-json\/wp\/v2\/media?parent=897"}],"wp:term":[{"taxonomy":"category","embeddable":true,"href":"https:\/\/elfaroonline.com.ar\/index.php\/wp-json\/wp\/v2\/categories?post=897"},{"taxonomy":"post_tag","embeddable":true,"href":"https:\/\/elfaroonline.com.ar\/index.php\/wp-json\/wp\/v2\/tags?post=897"}],"curies":[{"name":"wp","href":"https:\/\/api.w.org\/{rel}","templated":true}]}}