{"id":900,"date":"2024-06-10T20:06:47","date_gmt":"2024-06-10T23:06:47","guid":{"rendered":"https:\/\/elfaroonline.com.ar\/?p=900"},"modified":"2024-06-10T20:06:47","modified_gmt":"2024-06-10T23:06:47","slug":"desde-el-cambio-de-gobierno-se-perdieron-casi-100-000-puestos-de-trabajo-del-sector-privado","status":"publish","type":"post","link":"https:\/\/elfaroonline.com.ar\/index.php\/2024\/06\/10\/desde-el-cambio-de-gobierno-se-perdieron-casi-100-000-puestos-de-trabajo-del-sector-privado\/","title":{"rendered":"Desde el cambio de gobierno se perdieron casi 100.000 puestos de trabajo del sector privado"},"content":{"rendered":"<p class=\"paragraph\" data-mrf-recirculation=\"Links inline\">En los \u00faltimos siete meses contemplados por la estad\u00edstica oficial,<b> la econom\u00eda perdi\u00f3 127 mil puestos de trabajo registrados<\/b> del sector privado. Solo en los meses de mandato del gobierno de <b>Javier Milei<\/b> se destruyeron <b>95 mil empleos<\/b> de esas caracter\u00edsticas, y la mayor\u00eda est\u00e1n explicados por el <b>sector constructor<\/b>, afectado por la suspensi\u00f3n de la mayor parte de la obra p\u00fablica.<\/p>\n<div class=\"news-module\" data-mrf-recirculation=\"IL_2_GB_9O-QPaEgG0T7rEvhQ\" data-testid=\"text-html\" data-mrf-experience=\"IL_2_GB_9O-QPaEgG0T7rEvhQ\">\n<div class=\"recommended-card__info\">De acuerdo a datos de la Secretar\u00eda de Empleo, en marzo cayeron<b> 0,4%<\/b> los empleados asalariados privados, algo m\u00e1s que el <b>0,3%<\/b> de febrero pero menos que el <b>0,6%<\/b> de enero. Si bien cuentan con algo m\u00e1s de rezago que los datos de actividad econ\u00f3mica, la informaci\u00f3n oficial del mercado laboral no parece mostrar signos de haber tocado un piso. \u201cPara dar cuenta de la magnitud de la ca\u00edda del empleo, cabe se\u00f1alar que entre agosto 2023 y marzo 2024 el empleo acumul\u00f3 una ca\u00edda del 2%, lo cual se traduce en <b>127 mil personas ocupadas menos en el mercado de trabajo privado registrado<\/b>\u201d, plante\u00f3 el informe de la cartera laboral.<\/div>\n<div>\u201cLas din\u00e1micas conjuntas de ciertos sectores llevaron al empleo asalariado registrado privado de una situaci\u00f3n de tasas de variaci\u00f3n positivas a otra de tasas negativas. En este sentido, uno de los sectores que explica la ca\u00edda del empleo es<b> la Construcci\u00f3n, que dej\u00f3 de crecer en junio 2023<\/b> y se encuentra acelerando su ritmo de ca\u00edda\u201d, detall\u00f3 la Secretar\u00eda de Empleo.<\/div>\n<\/div>\n<div><\/div>\n<div class=\"news-module\" data-mrf-recirculation=\"IL_2_GB_9O-QPaEgG0T7rEvhQ\" data-testid=\"text-html\" data-mrf-experience=\"IL_2_GB_9O-QPaEgG0T7rEvhQ\">\n<div>\u201cA esto se le suma Hoteles y restaurantes, que hab\u00eda alcanzado un nivel m\u00e1ximo de empleo en agosto de 2023 y que, a partir del mes siguiente, comenz\u00f3 a reducir su nivel de empleo (aunque en el \u00faltimo mes se advierte un crecimiento del nivel de empleo formal privado). En los \u00faltimos meses, tambi\u00e9n dejaron de crecer: Industria; Transporte, almacenamiento y comunicaciones; y \u2014m\u00e1s recientemente\u2014 Comercio y reparaciones\u201d, continuaron.<\/div>\n<div>Puesto en n\u00fameros, la ca\u00edda en la <b>construcci\u00f3n fue de 2,6%<\/b>, seguido de la pesca (1,2%), Agricultura, ganader\u00eda, caza y silvicultura (-0,5%), Servicios comunitarios, sociales y personales (-0,4%); e Industrias manufactureras (-0,4 por ciento). Y en t\u00e9rminos interanuales la cifra de la construcci\u00f3n es a\u00fan m\u00e1s grave y exhibe un desplome de 14,6 por ciento.<\/div>\n<\/div>\n","protected":false},"excerpt":{"rendered":"<p>En los \u00faltimos siete meses contemplados por la estad\u00edstica oficial, la econom\u00eda perdi\u00f3 127 mil puestos de trabajo registrados del sector privado. Solo en los meses de mandato del gobierno de Javier Milei se destruyeron 95 mil empleos de esas caracter\u00edsticas, y la mayor\u00eda est\u00e1n explicados por el sector constructor, afectado por la suspensi\u00f3n de [&hellip;]<\/p>\n","protected":false},"author":2,"featured_media":901,"comment_status":"open","ping_status":"open","sticky":false,"template":"","format":"standard","meta":{"footnotes":""},"categories":[23,22],"tags":[],"class_list":{"0":"post-900","1":"post","2":"type-post","3":"status-publish","4":"format-standard","5":"has-post-thumbnail","7":"category-destacados","8":"category-nacionales"},"aioseo_notices":[],"_links":{"self":[{"href":"https:\/\/elfaroonline.com.ar\/index.php\/wp-json\/wp\/v2\/posts\/900","targetHints":{"allow":["GET"]}}],"collection":[{"href":"https:\/\/elfaroonline.com.ar\/index.php\/wp-json\/wp\/v2\/posts"}],"about":[{"href":"https:\/\/elfaroonline.com.ar\/index.php\/wp-json\/wp\/v2\/types\/post"}],"author":[{"embeddable":true,"href":"https:\/\/elfaroonline.com.ar\/index.php\/wp-json\/wp\/v2\/users\/2"}],"replies":[{"embeddable":true,"href":"https:\/\/elfaroonline.com.ar\/index.php\/wp-json\/wp\/v2\/comments?post=900"}],"version-history":[{"count":1,"href":"https:\/\/elfaroonline.com.ar\/index.php\/wp-json\/wp\/v2\/posts\/900\/revisions"}],"predecessor-version":[{"id":902,"href":"https:\/\/elfaroonline.com.ar\/index.php\/wp-json\/wp\/v2\/posts\/900\/revisions\/902"}],"wp:featuredmedia":[{"embeddable":true,"href":"https:\/\/elfaroonline.com.ar\/index.php\/wp-json\/wp\/v2\/media\/901"}],"wp:attachment":[{"href":"https:\/\/elfaroonline.com.ar\/index.php\/wp-json\/wp\/v2\/media?parent=900"}],"wp:term":[{"taxonomy":"category","embeddable":true,"href":"https:\/\/elfaroonline.com.ar\/index.php\/wp-json\/wp\/v2\/categories?post=900"},{"taxonomy":"post_tag","embeddable":true,"href":"https:\/\/elfaroonline.com.ar\/index.php\/wp-json\/wp\/v2\/tags?post=900"}],"curies":[{"name":"wp","href":"https:\/\/api.w.org\/{rel}","templated":true}]}}