{"id":903,"date":"2024-06-10T20:12:24","date_gmt":"2024-06-10T23:12:24","guid":{"rendered":"https:\/\/elfaroonline.com.ar\/?p=903"},"modified":"2024-06-10T20:12:24","modified_gmt":"2024-06-10T23:12:24","slug":"testeos-rapidos-de-vih-y-sifilis-en-la-unca","status":"publish","type":"post","link":"https:\/\/elfaroonline.com.ar\/index.php\/2024\/06\/10\/testeos-rapidos-de-vih-y-sifilis-en-la-unca\/","title":{"rendered":"Testeos r\u00e1pidos de VIH y S\u00edfilis en la UNCA"},"content":{"rendered":"<p class=\"v1MsoNormal\"><span lang=\"ES-TRAD\">\u00a0<\/span><\/p>\n<p class=\"v1MsoNormal\"><span lang=\"ES-TRAD\">Los d\u00edas 13 y 14 de junio pr\u00f3ximos, se realizar\u00e1n testeos r\u00e1pidos de VIH y s\u00edfilis en la Plaza de la Reforma de la UNCA, ubicada en el interior del predio universitario.<\/span><\/p>\n<p class=\"v1MsoNormal\"><span lang=\"ES-TRAD\">\u00a0<\/span><\/p>\n<p class=\"v1MsoNormal\"><span lang=\"ES-TRAD\">Desde las 16 hasta las 19 hora, la actividad que concretar\u00e1 el Centro \u00danico de Referencia -CUR-, contar\u00e1 con la colaboraci\u00f3n del Centro de Salud Universitario y tiene como finalidad lograr que la mayor cantidad de poblaci\u00f3n estudiantil y docente conozca su estado serol\u00f3gico, realice control y tratamiento oportuno, con testeos r\u00e1pidos, confidenciales y seguros.<\/span><\/p>\n","protected":false},"excerpt":{"rendered":"<p>\u00a0 Los d\u00edas 13 y 14 de junio pr\u00f3ximos, se realizar\u00e1n testeos r\u00e1pidos de VIH y s\u00edfilis en la Plaza de la Reforma de la UNCA, ubicada en el interior del predio universitario. \u00a0 Desde las 16 hasta las 19 hora, la actividad que concretar\u00e1 el Centro \u00danico de Referencia -CUR-, contar\u00e1 con la colaboraci\u00f3n [&hellip;]<\/p>\n","protected":false},"author":2,"featured_media":904,"comment_status":"open","ping_status":"open","sticky":false,"template":"","format":"standard","meta":{"footnotes":""},"categories":[20],"tags":[],"class_list":{"0":"post-903","1":"post","2":"type-post","3":"status-publish","4":"format-standard","5":"has-post-thumbnail","7":"category-sociedad"},"aioseo_notices":[],"_links":{"self":[{"href":"https:\/\/elfaroonline.com.ar\/index.php\/wp-json\/wp\/v2\/posts\/903","targetHints":{"allow":["GET"]}}],"collection":[{"href":"https:\/\/elfaroonline.com.ar\/index.php\/wp-json\/wp\/v2\/posts"}],"about":[{"href":"https:\/\/elfaroonline.com.ar\/index.php\/wp-json\/wp\/v2\/types\/post"}],"author":[{"embeddable":true,"href":"https:\/\/elfaroonline.com.ar\/index.php\/wp-json\/wp\/v2\/users\/2"}],"replies":[{"embeddable":true,"href":"https:\/\/elfaroonline.com.ar\/index.php\/wp-json\/wp\/v2\/comments?post=903"}],"version-history":[{"count":1,"href":"https:\/\/elfaroonline.com.ar\/index.php\/wp-json\/wp\/v2\/posts\/903\/revisions"}],"predecessor-version":[{"id":905,"href":"https:\/\/elfaroonline.com.ar\/index.php\/wp-json\/wp\/v2\/posts\/903\/revisions\/905"}],"wp:featuredmedia":[{"embeddable":true,"href":"https:\/\/elfaroonline.com.ar\/index.php\/wp-json\/wp\/v2\/media\/904"}],"wp:attachment":[{"href":"https:\/\/elfaroonline.com.ar\/index.php\/wp-json\/wp\/v2\/media?parent=903"}],"wp:term":[{"taxonomy":"category","embeddable":true,"href":"https:\/\/elfaroonline.com.ar\/index.php\/wp-json\/wp\/v2\/categories?post=903"},{"taxonomy":"post_tag","embeddable":true,"href":"https:\/\/elfaroonline.com.ar\/index.php\/wp-json\/wp\/v2\/tags?post=903"}],"curies":[{"name":"wp","href":"https:\/\/api.w.org\/{rel}","templated":true}]}}