{"id":914,"date":"2024-06-13T13:10:27","date_gmt":"2024-06-13T16:10:27","guid":{"rendered":"https:\/\/elfaroonline.com.ar\/?p=914"},"modified":"2024-06-13T13:10:27","modified_gmt":"2024-06-13T16:10:27","slug":"catamarca-sera-sede-del-2do-seminario-nacional-ovop-argentina","status":"publish","type":"post","link":"https:\/\/elfaroonline.com.ar\/index.php\/2024\/06\/13\/catamarca-sera-sede-del-2do-seminario-nacional-ovop-argentina\/","title":{"rendered":"Catamarca ser\u00e1 sede del 2do Seminario Nacional OVOP Argentina"},"content":{"rendered":"<p class=\"v1MsoNormal\"><span lang=\"ES\">Nuestra provincia ser\u00e1 sede del 2do Seminario Nacional OVOP Argentina, que se realizar\u00e1 este jueves 13 y viernes 14 de junio en la ciudad de Bel\u00e9n y concluir\u00e1 con una feria en la plaza Olmos de Aguilera de la ciudad de Bel\u00e9n, donde todas las provincias participantes presentar\u00e1n sus productos.<\/span><\/p>\n<p class=\"v1MsoNormal\"><span lang=\"ES\">Durante el evento, Misiones, Chaco, Salta, Buenos Aires y Catamarca compartir\u00e1n sus valiosas experiencias en la ejecuci\u00f3n de los proyectos en sus respectivas jurisdicciones. El intercambio de conocimientos y buenas pr\u00e1cticas enriquecer\u00e1 el desarrollo de la filosof\u00eda OVOP entre los participantes.<\/span><\/p>\n<p class=\"v1MsoNormal\"><span lang=\"ES\">En Catamarca, la Ruta del Telar &#8211; Proyecto OVOP Catamarca es impulsada por el Gobierno Provincial a trav\u00e9s del Ministerio de Trabajo, Planificaci\u00f3n y Recursos Humanos, en articulaci\u00f3n con todos los municipios de las localidades que integran la emblem\u00e1tica Ruta del Telar. Esta iniciativa pone en valor nuestras tradiciones ancestrales, promoviendo el desarrollo econ\u00f3mico local y la comercializaci\u00f3n de productos artesanales de excelente calidad.<\/span><\/p>\n<p class=\"v1MsoNormal\"><span lang=\"ES\">Durante la jornada de ayer, la ministra de Trabajo, Planificaci\u00f3n y Recursos Humanos, Ver\u00f3nica Soria y el intendente de Bel\u00e9n, Cristian Yapura, recibieron al ministro consejero de la Embajada de Jap\u00f3n en Argentina, Kenji Shimada; el representante residente de JICA Argentina, Takeda Hiroyuki; el coordinador del proyecto OVOP Argentina, Gast\u00f3n L\u00f3pez Seoane y el director de Desarrollo Productivo del Ministerio de Producci\u00f3n, Ciencia e Innovaci\u00f3n Tecnol\u00f3gica de la provincia de Buenos Aires, Facundo Pistola y sus respectivas comitivas, quienes arribaron a la provincia para participar del evento.<\/span><\/p>\n<p class=\"v1MsoNormal\"><span lang=\"ES\">&#8220;Ser anfitriones de este segundo seminario nacional representa una oportunidad para compartir los avances de la Ruta del Telar &#8211; proyecto OVOP Catamarca y sus resultados, entre los que se destacan las alianzas con CFI y UNESCO y la apertura de la provincia hacia pa\u00edses europeos interesados en la fibra de vicu\u00f1a, los productos textiles locales y la pr\u00e1ctica del Chaku&#8221;, expres\u00f3 la ministra Ver\u00f3nica Soria.<\/span><\/p>\n<p class=\"v1MsoNormal\"><span lang=\"ES\">Asimismo, es importante destacar la presencia de representantes de la Embajada de Jap\u00f3n y de JICA Argentina, quienes brindan un invaluable apoyo t\u00e9cnico y acompa\u00f1amiento en la implementaci\u00f3n de esta filosof\u00eda que promueve el progreso econ\u00f3mico y social de nuestras comunidades.<\/span><\/p>\n","protected":false},"excerpt":{"rendered":"<p>Nuestra provincia ser\u00e1 sede del 2do Seminario Nacional OVOP Argentina, que se realizar\u00e1 este jueves 13 y viernes 14 de junio en la ciudad de Bel\u00e9n y concluir\u00e1 con una feria en la plaza Olmos de Aguilera de la ciudad de Bel\u00e9n, donde todas las provincias participantes presentar\u00e1n sus productos. Durante el evento, Misiones, Chaco, [&hellip;]<\/p>\n","protected":false},"author":2,"featured_media":915,"comment_status":"open","ping_status":"open","sticky":false,"template":"","format":"standard","meta":{"footnotes":""},"categories":[23,20],"tags":[],"class_list":{"0":"post-914","1":"post","2":"type-post","3":"status-publish","4":"format-standard","5":"has-post-thumbnail","7":"category-destacados","8":"category-sociedad"},"aioseo_notices":[],"_links":{"self":[{"href":"https:\/\/elfaroonline.com.ar\/index.php\/wp-json\/wp\/v2\/posts\/914","targetHints":{"allow":["GET"]}}],"collection":[{"href":"https:\/\/elfaroonline.com.ar\/index.php\/wp-json\/wp\/v2\/posts"}],"about":[{"href":"https:\/\/elfaroonline.com.ar\/index.php\/wp-json\/wp\/v2\/types\/post"}],"author":[{"embeddable":true,"href":"https:\/\/elfaroonline.com.ar\/index.php\/wp-json\/wp\/v2\/users\/2"}],"replies":[{"embeddable":true,"href":"https:\/\/elfaroonline.com.ar\/index.php\/wp-json\/wp\/v2\/comments?post=914"}],"version-history":[{"count":1,"href":"https:\/\/elfaroonline.com.ar\/index.php\/wp-json\/wp\/v2\/posts\/914\/revisions"}],"predecessor-version":[{"id":916,"href":"https:\/\/elfaroonline.com.ar\/index.php\/wp-json\/wp\/v2\/posts\/914\/revisions\/916"}],"wp:featuredmedia":[{"embeddable":true,"href":"https:\/\/elfaroonline.com.ar\/index.php\/wp-json\/wp\/v2\/media\/915"}],"wp:attachment":[{"href":"https:\/\/elfaroonline.com.ar\/index.php\/wp-json\/wp\/v2\/media?parent=914"}],"wp:term":[{"taxonomy":"category","embeddable":true,"href":"https:\/\/elfaroonline.com.ar\/index.php\/wp-json\/wp\/v2\/categories?post=914"},{"taxonomy":"post_tag","embeddable":true,"href":"https:\/\/elfaroonline.com.ar\/index.php\/wp-json\/wp\/v2\/tags?post=914"}],"curies":[{"name":"wp","href":"https:\/\/api.w.org\/{rel}","templated":true}]}}