{"id":917,"date":"2024-06-13T13:13:36","date_gmt":"2024-06-13T16:13:36","guid":{"rendered":"https:\/\/elfaroonline.com.ar\/?p=917"},"modified":"2024-06-13T13:13:36","modified_gmt":"2024-06-13T16:13:36","slug":"raul-jalil-dejo-inaugurada-la-ampliacion-del-ies-de-andalgala","status":"publish","type":"post","link":"https:\/\/elfaroonline.com.ar\/index.php\/2024\/06\/13\/raul-jalil-dejo-inaugurada-la-ampliacion-del-ies-de-andalgala\/","title":{"rendered":"Ra\u00fal Jalil dej\u00f3 inaugurada la ampliaci\u00f3n del IES de Andalgal\u00e1"},"content":{"rendered":"<p class=\"v1MsoNormal\"><i>A d\u00edas de su 40 aniversario, el IES cuenta con nuevos y modernos espacios.<\/i><\/p>\n<p class=\"v1MsoNormal\">El gobernador Ra\u00fal Jalil, junto a parte de su gabinete y el intendente Eduardo C\u00f3rdoba, realiz\u00f3 un recorrido por el departamento Andalgal\u00e1 este mi\u00e9rcoles, donde inaugur\u00f3 la refacci\u00f3n y terminaci\u00f3n del edificio del Instituto de Estudios Superiores Andalgal\u00e1, en el mes del 40\u00b0 aniversario del IES.<\/p>\n<p class=\"v1MsoNormal\">El Gobernador estuvo acompa\u00f1ado por el ministro de Educaci\u00f3n, Dalmacio Mera; el ministro de Gobierno, Justicia y Derechos Humanos, Fernando \u00c1vila; el senador Horacio Guti\u00e9rrez; el diputado nacional, Sebasti\u00e1n N\u00f3blega; directivos del IES, entre otras autoridades.<\/p>\n<p class=\"v1MsoNormal\">Durante el acto de inauguraci\u00f3n, <b>Ra\u00fal se dirigi\u00f3 a la comunidad educativa<\/b> se\u00f1alando que &#8220;estamos transitando una nueva era de la humanidad, en la cual hay que repensar todo. Tenemos que reconvertirnos, pensar en lo que es la inteligencia artificial, en todo lo que son las nuevas carreras o c\u00f3mo la gente se va a tener que insertar en el mundo del trabajo. Lo que tiene que hacer la pol\u00edtica es preparar a los ciudadanos para los desaf\u00edos que tienen que vivir en lo que es su vida, su trabajo, etc.&#8221;. Destac\u00f3 adem\u00e1s la importancia de crear espacios como los inaugurados en el IES y resalt\u00f3 que en poco tiempo se trabajar\u00e1 en la instalaci\u00f3n de fibra \u00f3ptica en Pom\u00e1n y Andalgal\u00e1.<\/p>\n<p class=\"v1MsoNormal\">La rectora de la instituci\u00f3n, <b>Sandra Haddad<\/b>, se refiri\u00f3 a las cuatro d\u00e9cadas que cumple el Instituto el pr\u00f3ximo 15 de junio. &#8220;Llegamos a los 40 a\u00f1os. Son muchos los sentimientos que se entrecruzan en este momento cuando hacemos el balance de tantas d\u00e9cadas y revisamos todo lo transitado, formaci\u00f3n, aprendizaje, trayectorias, tensiones, felicidades&#8221;, a su vez destac\u00f3 que &#8220;el Instituto de Estudios Superiores Andalgal\u00e1 cumple 40 a\u00f1os de construcci\u00f3n colectiva que le ha otorgado identidad propia y hace de nuestra instituci\u00f3n un referente en la formaci\u00f3n docente y t\u00e9cnica de la provincia&#8221;.<\/p>\n<p class=\"v1MsoNormal\">A su turno, en el acto inaugural el intendente <b>Eduardo C\u00f3rdoba<\/b> destac\u00f3 que el IES es &#8220;una de las instituciones m\u00e1s prestigiosas de nuestra querida comunidad&#8221; y reconoci\u00f3 que &#8220;m\u00e1s all\u00e1 de esta hermosa obra, es importante no descuidar la educaci\u00f3n en s\u00ed misma y seguir aventur\u00e1ndonos en la formaci\u00f3n de docentes m\u00e1s preparados con mejores herramientas, con mejor capacidad y sobre todo asumiendo las nuevas tecnolog\u00edas para poder adecuarnos a los tiempos que vivimos&#8221;.<\/p>\n<p class=\"v1MsoNormal\"><b>Detalles de la obra<\/b><\/p>\n<p class=\"v1MsoNormal\">Se trata de una imponente obra que abarca aproximadamente 495 m\u00b2 y cuenta con \u00e1reas principales que incluyen laboratorios de F\u00edsica-Qu\u00edmica de 80 m\u00b2 cada uno, equipados con tecnolog\u00eda avanzada. Adem\u00e1s, dispone de una sala de usos m\u00faltiples para simulaci\u00f3n en enfermer\u00eda, un centro Progresar y un Nodo Tecnol\u00f3gico equipado para uso estudiantil, una sala de edici\u00f3n y una radio. El edificio tambi\u00e9n cuenta con un aula magna para conferencias y proyecciones, salas de profesores y reuniones, sala de coordinaciones, box de ba\u00f1o y dep\u00f3sito.<\/p>\n<p class=\"v1MsoNormal\"><b>Convenio<\/b><\/p>\n<p class=\"v1MsoNormal\">El Gobierno provincial, a trav\u00e9s del Ministerio de Educaci\u00f3n, firm\u00f3 convenios de cooperaci\u00f3n para la realizaci\u00f3n de pr\u00e1cticas profesionalizantes en empresas del sector privado y mineras.<\/p>\n<p class=\"v1MsoNormal\">Este acuerdo, firmado en la Escuela Agrot\u00e9cnica de Andalgal\u00e1 entre el ministro de Educaci\u00f3n, Dalmacio Mera, y representantes de las empresas, posibilitar\u00e1 que los j\u00f3venes andalgalenses puedan hacer sus pr\u00e1cticas en los establecimientos relacionados a su formaci\u00f3n.<\/p>\n","protected":false},"excerpt":{"rendered":"<p>A d\u00edas de su 40 aniversario, el IES cuenta con nuevos y modernos espacios. El gobernador Ra\u00fal Jalil, junto a parte de su gabinete y el intendente Eduardo C\u00f3rdoba, realiz\u00f3 un recorrido por el departamento Andalgal\u00e1 este mi\u00e9rcoles, donde inaugur\u00f3 la refacci\u00f3n y terminaci\u00f3n del edificio del Instituto de Estudios Superiores Andalgal\u00e1, en el mes [&hellip;]<\/p>\n","protected":false},"author":2,"featured_media":918,"comment_status":"open","ping_status":"open","sticky":false,"template":"","format":"standard","meta":{"footnotes":""},"categories":[23,21],"tags":[],"class_list":{"0":"post-917","1":"post","2":"type-post","3":"status-publish","4":"format-standard","5":"has-post-thumbnail","7":"category-destacados","8":"category-politica"},"aioseo_notices":[],"_links":{"self":[{"href":"https:\/\/elfaroonline.com.ar\/index.php\/wp-json\/wp\/v2\/posts\/917","targetHints":{"allow":["GET"]}}],"collection":[{"href":"https:\/\/elfaroonline.com.ar\/index.php\/wp-json\/wp\/v2\/posts"}],"about":[{"href":"https:\/\/elfaroonline.com.ar\/index.php\/wp-json\/wp\/v2\/types\/post"}],"author":[{"embeddable":true,"href":"https:\/\/elfaroonline.com.ar\/index.php\/wp-json\/wp\/v2\/users\/2"}],"replies":[{"embeddable":true,"href":"https:\/\/elfaroonline.com.ar\/index.php\/wp-json\/wp\/v2\/comments?post=917"}],"version-history":[{"count":1,"href":"https:\/\/elfaroonline.com.ar\/index.php\/wp-json\/wp\/v2\/posts\/917\/revisions"}],"predecessor-version":[{"id":919,"href":"https:\/\/elfaroonline.com.ar\/index.php\/wp-json\/wp\/v2\/posts\/917\/revisions\/919"}],"wp:featuredmedia":[{"embeddable":true,"href":"https:\/\/elfaroonline.com.ar\/index.php\/wp-json\/wp\/v2\/media\/918"}],"wp:attachment":[{"href":"https:\/\/elfaroonline.com.ar\/index.php\/wp-json\/wp\/v2\/media?parent=917"}],"wp:term":[{"taxonomy":"category","embeddable":true,"href":"https:\/\/elfaroonline.com.ar\/index.php\/wp-json\/wp\/v2\/categories?post=917"},{"taxonomy":"post_tag","embeddable":true,"href":"https:\/\/elfaroonline.com.ar\/index.php\/wp-json\/wp\/v2\/tags?post=917"}],"curies":[{"name":"wp","href":"https:\/\/api.w.org\/{rel}","templated":true}]}}