{"id":923,"date":"2024-06-13T14:02:39","date_gmt":"2024-06-13T17:02:39","guid":{"rendered":"https:\/\/elfaroonline.com.ar\/?p=923"},"modified":"2024-06-13T14:02:39","modified_gmt":"2024-06-13T17:02:39","slug":"agenda-para-el-primer-fin-de-semana-largo-de-junio-en-catamarca","status":"publish","type":"post","link":"https:\/\/elfaroonline.com.ar\/index.php\/2024\/06\/13\/agenda-para-el-primer-fin-de-semana-largo-de-junio-en-catamarca\/","title":{"rendered":"Agenda para el primer fin de semana largo de junio en Catamarca"},"content":{"rendered":"<p class=\"v1MsoNormal\">El primer fin de semana largo de junio comienza el pr\u00f3ximo viernes 14 de junio en Catamarca con ferias artesanales, salidas de trekking, espect\u00e1culos musicales de todos los g\u00e9neros y encuentro de autos antiguos y Fiat 600 para los nost\u00e1lgicos.<\/p>\n<p class=\"v1MsoNormal\">El jueves 13 a las 21hs en la Casa de la Puna, en la Capital, la propuesta &#8220;DeVino Viento y R\u00edo&#8221; invita a disfrutar de una experiencia sensorial de degustaci\u00f3n de vino, gastronom\u00eda, acompa\u00f1ado de m\u00fasica, canciones y poes\u00eda.<\/p>\n<p class=\"v1MsoNormal\">La agenda de actividades en Capital contin\u00faa el s\u00e1bado y domingo de 13:30 a 17:30 hs.en la Casa de la Puna con feria de artesan\u00edas, productos org\u00e1nicos y regionales, objetos de dise\u00f1o, shows de magia y talleres. El domingo la jornada ser\u00e1 a pura m\u00fasica por la tarde con Antonio Fierro, de Ronda Rueda y a las 21hs con el Festival NOA Alternativo que tendr\u00e1 las actuaciones de las artistas regionales Sabrina Gallegos y Monjawannabe, de Santiago del Estero, y Mar\u00eda Sangrienta y Los Thompson de Catamarca.<\/p>\n<p class=\"v1MsoNormal\">En Bel\u00e9n desde el viernes 14 hasta el domingo 16 de junio se llevar\u00e1 a cabo la Feria Ruta 40 &#8220;Un Encuentro entre Pueblos y Tradiciones&#8221;, en la Plaza Olmos y Aguilera que tendr\u00e1 desfile de ponchos con artesanos de &#8220;La Ruta del Telar&#8221;, shows art\u00edsticos, exposici\u00f3n y venta de productos regionales y la presencia de artesanos de Buenos Aires, Salta, Misiones y Chaco.<\/p>\n<p class=\"v1MsoNormal\">En Valle Viejo el s\u00e1bado a las 9hs en Santa Cruz habr\u00e1 una caminata a La Salamanca que finalizar\u00e1 con un almuerzo que estar\u00e1 acompa\u00f1ado de show en vivo en\u00a0 @ftitas_ y a partir de las 22hs en el Club San Mart\u00edn de El Ba\u00f1ado se realizar\u00e1 &#8220;Resonancia de pe\u00f1a&#8221; en la que actuar\u00e1n Nestor Pacheco, Noe Navarro, Zonda (cumbia norte\u00f1a), y el Ballet Inti Watana.<\/p>\n<p class=\"v1MsoNormal\">El domingo desde las 14 hs comenzar\u00e1 el Festival del D\u00eda del Padre en la Liga Chacarera de F\u00fatbol con la presentaci\u00f3n del cantante Sergio Galleguillo, Los Rieles, Los Mirandas, Huellas del Chamam\u00e9, Banda BC, Los Pueblos Riojanos, Los del Miranda y Ballet alma de Horizonte.<\/p>\n<p class=\"v1MsoNormal\">En Andalgal\u00e1 desde el 15 al 17 de junio se realizar\u00e1 el Encuentro Nacional de Fiat 600 y Autos Antiguos con diversas actividades como exposici\u00f3n, carrera de obst\u00e1culos y caravana.<\/p>\n","protected":false},"excerpt":{"rendered":"<p>El primer fin de semana largo de junio comienza el pr\u00f3ximo viernes 14 de junio en Catamarca con ferias artesanales, salidas de trekking, espect\u00e1culos musicales de todos los g\u00e9neros y encuentro de autos antiguos y Fiat 600 para los nost\u00e1lgicos. El jueves 13 a las 21hs en la Casa de la Puna, en la Capital, [&hellip;]<\/p>\n","protected":false},"author":2,"featured_media":924,"comment_status":"open","ping_status":"open","sticky":false,"template":"","format":"standard","meta":{"footnotes":""},"categories":[20],"tags":[],"class_list":{"0":"post-923","1":"post","2":"type-post","3":"status-publish","4":"format-standard","5":"has-post-thumbnail","7":"category-sociedad"},"aioseo_notices":[],"_links":{"self":[{"href":"https:\/\/elfaroonline.com.ar\/index.php\/wp-json\/wp\/v2\/posts\/923","targetHints":{"allow":["GET"]}}],"collection":[{"href":"https:\/\/elfaroonline.com.ar\/index.php\/wp-json\/wp\/v2\/posts"}],"about":[{"href":"https:\/\/elfaroonline.com.ar\/index.php\/wp-json\/wp\/v2\/types\/post"}],"author":[{"embeddable":true,"href":"https:\/\/elfaroonline.com.ar\/index.php\/wp-json\/wp\/v2\/users\/2"}],"replies":[{"embeddable":true,"href":"https:\/\/elfaroonline.com.ar\/index.php\/wp-json\/wp\/v2\/comments?post=923"}],"version-history":[{"count":1,"href":"https:\/\/elfaroonline.com.ar\/index.php\/wp-json\/wp\/v2\/posts\/923\/revisions"}],"predecessor-version":[{"id":925,"href":"https:\/\/elfaroonline.com.ar\/index.php\/wp-json\/wp\/v2\/posts\/923\/revisions\/925"}],"wp:featuredmedia":[{"embeddable":true,"href":"https:\/\/elfaroonline.com.ar\/index.php\/wp-json\/wp\/v2\/media\/924"}],"wp:attachment":[{"href":"https:\/\/elfaroonline.com.ar\/index.php\/wp-json\/wp\/v2\/media?parent=923"}],"wp:term":[{"taxonomy":"category","embeddable":true,"href":"https:\/\/elfaroonline.com.ar\/index.php\/wp-json\/wp\/v2\/categories?post=923"},{"taxonomy":"post_tag","embeddable":true,"href":"https:\/\/elfaroonline.com.ar\/index.php\/wp-json\/wp\/v2\/tags?post=923"}],"curies":[{"name":"wp","href":"https:\/\/api.w.org\/{rel}","templated":true}]}}