{"id":926,"date":"2024-06-13T14:08:18","date_gmt":"2024-06-13T17:08:18","guid":{"rendered":"https:\/\/elfaroonline.com.ar\/?p=926"},"modified":"2024-06-13T14:08:18","modified_gmt":"2024-06-13T17:08:18","slug":"el-gobierno-cedio-en-articulos-clave-y-el-senado-aprobo-la-ley-bases-que-ahora-vuelve-a-diputados","status":"publish","type":"post","link":"https:\/\/elfaroonline.com.ar\/index.php\/2024\/06\/13\/el-gobierno-cedio-en-articulos-clave-y-el-senado-aprobo-la-ley-bases-que-ahora-vuelve-a-diputados\/","title":{"rendered":"El Gobierno cedi\u00f3 en art\u00edculos clave y el Senado aprob\u00f3 la Ley Bases, que ahora vuelve a Diputados"},"content":{"rendered":"<p><b>La ley de \u201cBases y Puntos de Partida para la Libertad de los Argentinos\u201d fue aprobada esta madrugada por el Senado, que la modific\u00f3 en varios puntos y la devolvi\u00f3 en segunda revisi\u00f3n a Diputados<\/b>. La C\u00e1mara baja tendr\u00e1 ahora la definici\u00f3n de su sanci\u00f3n, ya sea con la ratificaci\u00f3n de lo avalado o la insistencia de la versi\u00f3n original.<\/p>\n<p>En concreto, la votaci\u00f3n en general del proyecto en la C\u00e1mara alta qued\u00f3 igualada en 36, por lo que desempat\u00f3 la vicepresidenta y titular del Senado, <b>Victoria Villarruel<\/b>. Las adhesiones fueron del oficialismo y gran parte de la oposici\u00f3n dialoguista, mientras que los rechazos vinieron de los 33 legisladores kirchneristas, los santacruce\u00f1os <b>Jos\u00e9 Mar\u00eda Carambia<\/b> y <b>Natalia Gadano<\/b> -p\u00e9sima estrategia de ambos en las \u00faltimas 24 horas-, y el radical y titular del centenario partido, <b>Mart\u00edn Lousteau<\/b>.<\/p>\n<p><b>Importante: varios senadores de la oposici\u00f3n dialoguista mostraron gui\u00f1os m\u00e1s que generosos con el oficialismo. Durante las votaciones, algunos no quisieron insistir con definiciones de art\u00edculos delicados que criticaban y que podr\u00edan haberse complicado. Por su parte, el Frente de Todos mantuvo un rechazo en la mayor\u00eda de puntos -una de las excepciones fue el R\u00e9gimen de Incentivos a Grandes Inversiones (RIGI)- y no ayud\u00f3 a dar dos tercios a temas mejorados en el Senado. Es decir, reforzarlos para que Diputados no pueda insistir con la versi\u00f3n original<\/b>.<\/p>\n","protected":false},"excerpt":{"rendered":"<p>La ley de \u201cBases y Puntos de Partida para la Libertad de los Argentinos\u201d fue aprobada esta madrugada por el Senado, que la modific\u00f3 en varios puntos y la devolvi\u00f3 en segunda revisi\u00f3n a Diputados. La C\u00e1mara baja tendr\u00e1 ahora la definici\u00f3n de su sanci\u00f3n, ya sea con la ratificaci\u00f3n de lo avalado o la [&hellip;]<\/p>\n","protected":false},"author":2,"featured_media":927,"comment_status":"open","ping_status":"open","sticky":false,"template":"","format":"standard","meta":{"footnotes":""},"categories":[23,22,21],"tags":[],"class_list":{"0":"post-926","1":"post","2":"type-post","3":"status-publish","4":"format-standard","5":"has-post-thumbnail","7":"category-destacados","8":"category-nacionales","9":"category-politica"},"aioseo_notices":[],"_links":{"self":[{"href":"https:\/\/elfaroonline.com.ar\/index.php\/wp-json\/wp\/v2\/posts\/926","targetHints":{"allow":["GET"]}}],"collection":[{"href":"https:\/\/elfaroonline.com.ar\/index.php\/wp-json\/wp\/v2\/posts"}],"about":[{"href":"https:\/\/elfaroonline.com.ar\/index.php\/wp-json\/wp\/v2\/types\/post"}],"author":[{"embeddable":true,"href":"https:\/\/elfaroonline.com.ar\/index.php\/wp-json\/wp\/v2\/users\/2"}],"replies":[{"embeddable":true,"href":"https:\/\/elfaroonline.com.ar\/index.php\/wp-json\/wp\/v2\/comments?post=926"}],"version-history":[{"count":1,"href":"https:\/\/elfaroonline.com.ar\/index.php\/wp-json\/wp\/v2\/posts\/926\/revisions"}],"predecessor-version":[{"id":928,"href":"https:\/\/elfaroonline.com.ar\/index.php\/wp-json\/wp\/v2\/posts\/926\/revisions\/928"}],"wp:featuredmedia":[{"embeddable":true,"href":"https:\/\/elfaroonline.com.ar\/index.php\/wp-json\/wp\/v2\/media\/927"}],"wp:attachment":[{"href":"https:\/\/elfaroonline.com.ar\/index.php\/wp-json\/wp\/v2\/media?parent=926"}],"wp:term":[{"taxonomy":"category","embeddable":true,"href":"https:\/\/elfaroonline.com.ar\/index.php\/wp-json\/wp\/v2\/categories?post=926"},{"taxonomy":"post_tag","embeddable":true,"href":"https:\/\/elfaroonline.com.ar\/index.php\/wp-json\/wp\/v2\/tags?post=926"}],"curies":[{"name":"wp","href":"https:\/\/api.w.org\/{rel}","templated":true}]}}