{"id":933,"date":"2024-06-13T14:24:10","date_gmt":"2024-06-13T17:24:10","guid":{"rendered":"https:\/\/elfaroonline.com.ar\/?p=933"},"modified":"2024-06-13T14:24:10","modified_gmt":"2024-06-13T17:24:10","slug":"eliminaron-la-prorroga-del-monotributo-social-a-quienes-afectara","status":"publish","type":"post","link":"https:\/\/elfaroonline.com.ar\/index.php\/2024\/06\/13\/eliminaron-la-prorroga-del-monotributo-social-a-quienes-afectara\/","title":{"rendered":"Eliminaron la pr\u00f3rroga del Monotributo Social: a qui\u00e9nes afectar\u00e1"},"content":{"rendered":"<p class=\"paragraph\">El Senado vot\u00f3 en contra del art\u00edculo 100 dentro del cap\u00edtulo del <b>R\u00e9gimen Simplificado para Peque\u00f1os Contribuyentes<\/b> del paquete fiscal que preve\u00eda la pr\u00f3rroga del denominado Monotributo Social. Esa norma, que no estaba incluida en el proyecto original y hab\u00eda sido agregada durante la discusi\u00f3n en Diputados, aseguraba la continuidad de beneficios para sectores de la econom\u00eda popular que pod\u00edan facturar por sus actividades comerciales abonando una mensualidad menor que el resto de los monotributistas.<\/p>\n<p class=\"paragraph\"><b>De esta manera, los titulares de este r\u00e9gimen tributario simplificado para los trabajadores de menores ingresos y sin una facturaci\u00f3n regular, pasar\u00e1n de pagar $3.200 a $26.600 en la categor\u00eda m\u00e1s baja del monotributo general a los 90 d\u00edas de promulgada la ley.<\/b><\/p>\n<p>Seg\u00fan los \u00faltimos datos difundidos en abril por la <b>Secretar\u00eda de Trabajo <\/b>correspondientes a enero, los titulares del monotributo social superan los <b>620.000<\/b>, <b>m\u00e1s del doble que una d\u00e9cada atr\u00e1s. <\/b>Entre ese mes de 2014 y enero de 2024, la cantidad de adherentes al monotributo social <b>aument\u00f3 un 111%<\/b>, pas\u00f3 de 294.183 a 620.120.<\/p>\n<div class=\"headline-wrapper\">\n<h2 class=\"header headline-class-h2\">Qu\u00e9 es el Monotributo Social<\/h2>\n<\/div>\n<p class=\"paragraph\">Es una categor\u00eda tributaria que les permite a los contribuyentes facturar, acceder a una obra social e ingresar al sistema jubilatorio.<\/p>\n<div class=\"inline_2 ad-wrapper ad-mobile amp ad-amp\"><\/div>\n<p class=\"paragraph\">A diferencia del monotributo com\u00fan, est\u00e1 subsidiado el 100% del pago del componente impositivo y del previsional, y el 50% de la obra social. Por lo tanto, un monotributista social paga \u00fanicamente el 50% restante de lo que corresponde a la obra social.<\/p>\n<p class=\"paragraph\">Adem\u00e1s, el monotributo social es compatible con otros programas como la Asignaci\u00f3n Universal por Hijo, la Asignaci\u00f3n por Embarazo, Jubilaciones y pensiones que no superen el haber m\u00ednimo y programas de inclusi\u00f3n social del Ministerio de Desarrollo Social.<\/p>\n<div class=\"headline-wrapper\">\n<h2 class=\"header headline-class-h2\">Qu\u00e9 suceder\u00e1 ahora con el Monotributo Social<\/h2>\n<\/div>\n<p class=\"paragraph\">El paquete fiscal votado este jueves por el Senado deber\u00e1 volver a debatirse en la C\u00e1mara de Diputados. Si se ratifican las modificaciones, la oposici\u00f3n asegura que la eliminaci\u00f3n del Monotributo Social afectar\u00e1 a peque\u00f1os contribuyentes.<\/p>\n<p class=\"paragraph\">El art. 100 del texto rechazado en el Senado implicaba el sostenimiento dentro del R\u00e9gimen Simplificado de los sujetos inscriptos en el Registro Nacional de Efectores de Desarrollo Local y Econom\u00eda Social. Se establec\u00eda que cuando el peque\u00f1o contribuyente sea un sujeto inscripto en el Registro Nacional de Efectores de Desarrollo Local y Econom\u00eda Social del Ministerio de Capital Humano y tenga una facturaci\u00f3n anual menor al 50% del tope de ingresos brutos anuales de la categor\u00eda A, no deber\u00eda ingresar el impuesto integrado y podr\u00eda optar por no ingresar aportes al sistema de obras sociales.<\/p>\n<p class=\"paragraph\">\u201cCuando el peque\u00f1o contribuyente adherido al R\u00e9gimen Simplificado para Peque\u00f1os Contribuyentes (RS) sea un sujeto inscripto en el Registro Nacional de Efectores de Desarrollo Local y Econom\u00eda Social del Ministerio de Capital Humano y tenga una facturaci\u00f3n anual menor al 50% de la Categor\u00eda A, <b>no deber\u00e1 ingresar el impuesto integrado contemplado <\/b>en el art\u00edculo 11 del Anexo de la Ley N\u00b0 24.977\u2033, planteaba la norma modificada.<\/p>\n<p class=\"paragraph\">Un informe de la Oficina de Presupuesto del Congreso (OPC) hab\u00eda indicado que el tratamiento diferenciado otorgado a los monotributistas sociales en el dictamen de mayor\u00eda del Senado moderar\u00eda el incremento previsto de la recaudaci\u00f3n de Monotributo y del sistema de obras sociales.<\/p>\n","protected":false},"excerpt":{"rendered":"<p>El Senado vot\u00f3 en contra del art\u00edculo 100 dentro del cap\u00edtulo del R\u00e9gimen Simplificado para Peque\u00f1os Contribuyentes del paquete fiscal que preve\u00eda la pr\u00f3rroga del denominado Monotributo Social. Esa norma, que no estaba incluida en el proyecto original y hab\u00eda sido agregada durante la discusi\u00f3n en Diputados, aseguraba la continuidad de beneficios para sectores de [&hellip;]<\/p>\n","protected":false},"author":2,"featured_media":934,"comment_status":"open","ping_status":"open","sticky":false,"template":"","format":"standard","meta":{"footnotes":""},"categories":[22],"tags":[],"class_list":{"0":"post-933","1":"post","2":"type-post","3":"status-publish","4":"format-standard","5":"has-post-thumbnail","7":"category-nacionales"},"aioseo_notices":[],"_links":{"self":[{"href":"https:\/\/elfaroonline.com.ar\/index.php\/wp-json\/wp\/v2\/posts\/933","targetHints":{"allow":["GET"]}}],"collection":[{"href":"https:\/\/elfaroonline.com.ar\/index.php\/wp-json\/wp\/v2\/posts"}],"about":[{"href":"https:\/\/elfaroonline.com.ar\/index.php\/wp-json\/wp\/v2\/types\/post"}],"author":[{"embeddable":true,"href":"https:\/\/elfaroonline.com.ar\/index.php\/wp-json\/wp\/v2\/users\/2"}],"replies":[{"embeddable":true,"href":"https:\/\/elfaroonline.com.ar\/index.php\/wp-json\/wp\/v2\/comments?post=933"}],"version-history":[{"count":1,"href":"https:\/\/elfaroonline.com.ar\/index.php\/wp-json\/wp\/v2\/posts\/933\/revisions"}],"predecessor-version":[{"id":935,"href":"https:\/\/elfaroonline.com.ar\/index.php\/wp-json\/wp\/v2\/posts\/933\/revisions\/935"}],"wp:featuredmedia":[{"embeddable":true,"href":"https:\/\/elfaroonline.com.ar\/index.php\/wp-json\/wp\/v2\/media\/934"}],"wp:attachment":[{"href":"https:\/\/elfaroonline.com.ar\/index.php\/wp-json\/wp\/v2\/media?parent=933"}],"wp:term":[{"taxonomy":"category","embeddable":true,"href":"https:\/\/elfaroonline.com.ar\/index.php\/wp-json\/wp\/v2\/categories?post=933"},{"taxonomy":"post_tag","embeddable":true,"href":"https:\/\/elfaroonline.com.ar\/index.php\/wp-json\/wp\/v2\/tags?post=933"}],"curies":[{"name":"wp","href":"https:\/\/api.w.org\/{rel}","templated":true}]}}