{"id":968,"date":"2024-06-16T19:04:31","date_gmt":"2024-06-16T22:04:31","guid":{"rendered":"https:\/\/elfaroonline.com.ar\/?p=968"},"modified":"2024-06-16T19:04:31","modified_gmt":"2024-06-16T22:04:31","slug":"casi-140-bailarines-audicionaron-para-ser-parte-de-la-apertura-de-la-fiesta-del-poncho-2024","status":"publish","type":"post","link":"https:\/\/elfaroonline.com.ar\/index.php\/2024\/06\/16\/casi-140-bailarines-audicionaron-para-ser-parte-de-la-apertura-de-la-fiesta-del-poncho-2024\/","title":{"rendered":"Casi 140 bailarines audicionaron para ser parte de la apertura de la Fiesta del Poncho 2024"},"content":{"rendered":"<p class=\"v1MsoNormal\">Con la participaci\u00f3n de 136 bailarines, se realiz\u00f3 por tercer a\u00f1o consecutivo una audici\u00f3n para conformar el cuerpo de baile que interpretar\u00e1 el cuadro de apertura de la 53\u00aa edici\u00f3n de la Fiesta Nacional del Poncho.<\/p>\n<p class=\"v1MsoNormal\">La selecci\u00f3n se llev\u00f3 a cabo el s\u00e1bado 15 de junio en horas de la tarde en el Polideportivo Capital. Luis Castro, director de Desarrollo Cultural de la Secretar\u00eda de Gesti\u00f3n Cultural de la Provincia, se\u00f1al\u00f3 que se seleccionaron veinte bailarines que se sumar\u00e1n a los integrantes del Ballet Estable Municipal, completando as\u00ed los cuarenta y cuatro bailarines necesarios para el cuadro de apertura, que contar\u00e1 con la direcci\u00f3n general del bailar\u00edn y core\u00f3grafo V\u00edctor Aybar.<\/p>\n<p class=\"v1MsoNormal\">El jurado, integrado por Maiv\u00e9 Rivarola y Fernando Desanti por la Municipalidad, y por la maestra de danza cl\u00e1sica Silvana Castillo y la profesora Rita Toranzo por Cultura, junto a V\u00edctor Aybar, evaluaron a 136 bailarines provenientes de diversos puntos de la provincia.<\/p>\n<p class=\"v1MsoNormal\"><b>Evaluaci\u00f3n de talento<\/b><\/p>\n<p class=\"v1MsoNormal\">Silvana Castillo destac\u00f3 su responsabilidad en evaluar la t\u00e9cnica cl\u00e1sica, considerando aspectos como puntos del escenario, l\u00edneas, giros, postura corporal y manejo del espacio. Rita Toranzo, bas\u00e1ndose en las indicaciones del director general, se enfoc\u00f3 en el folklore tradicional, evaluando danzas como el gato y la cueca, buscando bailarines completos.<\/p>\n<p class=\"v1MsoNormal\">Fernando Desanti explic\u00f3 que la selecci\u00f3n se realiz\u00f3 en varias etapas, comenzando con folklore tradicional (gato y cueca), seguido de cl\u00e1sico, contempor\u00e1neo, zapateo y zarandeo. La meta fue elegir bailarines vers\u00e1tiles que pudieran desenvolverse adecuadamente en todas estas \u00e1reas. Maive Rivarola subray\u00f3 la importancia de la t\u00e9cnica y la expresividad en cada etapa de la audici\u00f3n, destacando el buen nivel general de los bailarines de la provincia.<\/p>\n<p class=\"v1MsoNormal\">V\u00edctor Aybar, director general del cuadro de apertura, expres\u00f3 su satisfacci\u00f3n con la calidad de los bailarines, mencionando la participaci\u00f3n de talentosos artistas de diversas localidades como Valle Viejo, Fiambal\u00e1, Bel\u00e9n, Tinogasta, Fray Mamerto Esqui\u00fa y Capital. Aybar se\u00f1al\u00f3 que gracias a estas audiciones, el nivel de los bailarines ha aumentado, brind\u00e1ndoles experiencias valiosas para su crecimiento art\u00edstico.<\/p>\n<p class=\"v1MsoNormal\">Al concluir la audici\u00f3n, la secretaria de Gesti\u00f3n Cultural, Laura Maubecin, agradeci\u00f3 a todos los participantes: &#8220;Los felicito, son excelentes bailarines todos. Aunque solo podemos elegir a algunos, los insto a seguir capacit\u00e1ndose y nutriendo su arte y danza. No bajen los brazos, no desaprovechen estas oportunidades, y los esperamos el pr\u00f3ximo a\u00f1o.&#8221;<\/p>\n<p class=\"v1MsoNormal\">Los seleccionados, junto a los integrantes del Ballet Municipal, comenzar\u00e1n dos semanas de ensayos intensivos, de lunes a viernes por la tarde, para preparar el cuadro de apertura de nuestra querida Fiesta del Poncho.<\/p>\n<p class=\"v1MsoNormal\">\n<p class=\"v1MsoNormal\"><b>Los seleccionados:\u00a0<\/b><\/p>\n<p class=\"v1MsoNormal\">Ariel Salva &#8211; Capital<\/p>\n<p class=\"v1MsoNormal\">Gast\u00f3n Hern\u00e1n Ledesma &#8211; Capital<\/p>\n<p class=\"v1MsoNormal\">Jos\u00e9 Gabriel Carrizo &#8211; Tinogasta<\/p>\n<p class=\"v1MsoNormal\">Valent\u00edn Carrizo &#8211; Valle Viejo<\/p>\n<p class=\"v1MsoNormal\">Alejandro Nicol\u00e1s Cabral &#8211; Capital<\/p>\n<p class=\"v1MsoNormal\">Sergio Emanuel Rodr\u00edguez &#8211; Tinogasta<\/p>\n<p class=\"v1MsoNormal\">Rodrigo Leonel Vargas &#8211; Santa Mar\u00eda<\/p>\n<p class=\"v1MsoNormal\">Emmanuel Antonio Marcial Vargas &#8211; Capital<\/p>\n<p class=\"v1MsoNormal\">Tomas Alexis Heredia &#8211; Capital<\/p>\n<p class=\"v1MsoNormal\">Leandro Luis Hernan Siares &#8211; Tinogasta<\/p>\n<p class=\"v1MsoNormal\">Franco Agust\u00edn Ram\u00f3n Quiroga &#8211; Capital (Suplente)<\/p>\n<p class=\"v1MsoNormal\">\n<p class=\"v1MsoNormal\">Fernanda Giselle Figueroa &#8211; Capital<\/p>\n<p class=\"v1MsoNormal\">Yuliana Camila Figueroa &#8211; Capital<\/p>\n<p class=\"v1MsoNormal\">Estrella Celeste Godoy &#8211; Capital<\/p>\n<p class=\"v1MsoNormal\">Ana Virginia C\u00f3rdoba &#8211; Capital<\/p>\n<p class=\"v1MsoNormal\">Lara Mar\u00eda Tiziana Espeche &#8211; Capital<\/p>\n<p class=\"v1MsoNormal\">Florencia Agustina Gir\u00f3n C\u00f3rdoba &#8211; Capital<\/p>\n<p class=\"v1MsoNormal\">Mar\u00eda Candelaria Ferreira Segura &#8211; Capital<\/p>\n<p class=\"v1MsoNormal\">Blanca Ayl\u00e9n Ortega Canata &#8211; Capital<\/p>\n<p class=\"v1MsoNormal\">Ana Victoria Melo &#8211; Valle Viejo<\/p>\n<p class=\"v1MsoNormal\">Silvia Claribel Cisneros &#8211; Capital (Suplente)<\/p>\n","protected":false},"excerpt":{"rendered":"<p>Con la participaci\u00f3n de 136 bailarines, se realiz\u00f3 por tercer a\u00f1o consecutivo una audici\u00f3n para conformar el cuerpo de baile que interpretar\u00e1 el cuadro de apertura de la 53\u00aa edici\u00f3n de la Fiesta Nacional del Poncho. La selecci\u00f3n se llev\u00f3 a cabo el s\u00e1bado 15 de junio en horas de la tarde en el Polideportivo [&hellip;]<\/p>\n","protected":false},"author":2,"featured_media":969,"comment_status":"open","ping_status":"open","sticky":false,"template":"","format":"standard","meta":{"footnotes":""},"categories":[23,20],"tags":[],"class_list":{"0":"post-968","1":"post","2":"type-post","3":"status-publish","4":"format-standard","5":"has-post-thumbnail","7":"category-destacados","8":"category-sociedad"},"aioseo_notices":[],"_links":{"self":[{"href":"https:\/\/elfaroonline.com.ar\/index.php\/wp-json\/wp\/v2\/posts\/968","targetHints":{"allow":["GET"]}}],"collection":[{"href":"https:\/\/elfaroonline.com.ar\/index.php\/wp-json\/wp\/v2\/posts"}],"about":[{"href":"https:\/\/elfaroonline.com.ar\/index.php\/wp-json\/wp\/v2\/types\/post"}],"author":[{"embeddable":true,"href":"https:\/\/elfaroonline.com.ar\/index.php\/wp-json\/wp\/v2\/users\/2"}],"replies":[{"embeddable":true,"href":"https:\/\/elfaroonline.com.ar\/index.php\/wp-json\/wp\/v2\/comments?post=968"}],"version-history":[{"count":1,"href":"https:\/\/elfaroonline.com.ar\/index.php\/wp-json\/wp\/v2\/posts\/968\/revisions"}],"predecessor-version":[{"id":970,"href":"https:\/\/elfaroonline.com.ar\/index.php\/wp-json\/wp\/v2\/posts\/968\/revisions\/970"}],"wp:featuredmedia":[{"embeddable":true,"href":"https:\/\/elfaroonline.com.ar\/index.php\/wp-json\/wp\/v2\/media\/969"}],"wp:attachment":[{"href":"https:\/\/elfaroonline.com.ar\/index.php\/wp-json\/wp\/v2\/media?parent=968"}],"wp:term":[{"taxonomy":"category","embeddable":true,"href":"https:\/\/elfaroonline.com.ar\/index.php\/wp-json\/wp\/v2\/categories?post=968"},{"taxonomy":"post_tag","embeddable":true,"href":"https:\/\/elfaroonline.com.ar\/index.php\/wp-json\/wp\/v2\/tags?post=968"}],"curies":[{"name":"wp","href":"https:\/\/api.w.org\/{rel}","templated":true}]}}