{"id":971,"date":"2024-06-16T19:06:20","date_gmt":"2024-06-16T22:06:20","guid":{"rendered":"https:\/\/elfaroonline.com.ar\/?p=971"},"modified":"2024-06-16T19:06:20","modified_gmt":"2024-06-16T22:06:20","slug":"julian-gutierrez-ya-cuenta-con-la-indumentaria-y-rifle-nuevo-para-su-participacion-olimpica-en-paris-2024","status":"publish","type":"post","link":"https:\/\/elfaroonline.com.ar\/index.php\/2024\/06\/16\/julian-gutierrez-ya-cuenta-con-la-indumentaria-y-rifle-nuevo-para-su-participacion-olimpica-en-paris-2024\/","title":{"rendered":"Juli\u00e1n Guti\u00e9rrez ya cuenta con la indumentaria y rifle nuevo para su participaci\u00f3n ol\u00edmpica en Par\u00eds 2024"},"content":{"rendered":"<p class=\"v1MsoNormal\">En una reuni\u00f3n celebrada en la Casa de Gobierno, el gobernador Ra\u00fal Jalil recibi\u00f3 al deportista catamarque\u00f1o Juli\u00e1n Guti\u00e9rrez, quien se prepara para hacer historia con su participaci\u00f3n en los Juegos Ol\u00edmpicos de Par\u00eds 2024.<\/p>\n<p class=\"v1MsoNormal\">Durante el encuentro, Guti\u00e9rrez mostr\u00f3 al mandatario el nuevo traje y rifle de \u00faltima generaci\u00f3n que adquiri\u00f3 para competir en la m\u00e1xima cita del deporte mundial el pr\u00f3ximo mes de julio.<\/p>\n<p class=\"v1MsoNormal\">&#8220;Es el mejor equipamiento que hay y estoy totalmente agradecido con el Gobernador por toda la ayuda que me brind\u00f3&#8221;, expres\u00f3 Juli\u00e1n Guti\u00e9rrez. El deportista ol\u00edmpico explic\u00f3 que su traje, de marca india, cuenta con una tela mucho m\u00e1s flexible respecto al calor, permiti\u00e9ndole un ajuste ce\u00f1ido al cuerpo que le proporciona mayor firmeza a la hora de tirar.<\/p>\n<p class=\"v1MsoNormal\">Adem\u00e1s, destac\u00f3 que el rifle con el que participar\u00e1 en los Juegos Ol\u00edmpicos de Par\u00eds 2024 es el mejor en cuanto a sistema electr\u00f3nico, con componentes de fibra de carbono seleccionados espec\u00edficamente para esta competencia de alto nivel. &#8220;Ya est\u00e1 todo testeado&#8221;, afirm\u00f3 el tirador.<\/p>\n<p>Juli\u00e1n Guti\u00e9rrez coment\u00f3 que el pr\u00f3ximo 28 de junio viaja a Buenos Aires, para posteriormente partir con destino a Alemania el 1 de julio. En tierras alemanas quedar\u00e1 concentrado con el seleccionado nacional y realizar\u00e1 su \u00faltima parte de la preparaci\u00f3n hasta el 21 de julio, d\u00eda en el que viajar\u00e1n a Francia para ingresar a la Villa Ol\u00edmpica y esperar la ceremonia e inicio de los Juegos el 26 de julio.<\/p>\n","protected":false},"excerpt":{"rendered":"<p>En una reuni\u00f3n celebrada en la Casa de Gobierno, el gobernador Ra\u00fal Jalil recibi\u00f3 al deportista catamarque\u00f1o Juli\u00e1n Guti\u00e9rrez, quien se prepara para hacer historia con su participaci\u00f3n en los Juegos Ol\u00edmpicos de Par\u00eds 2024. Durante el encuentro, Guti\u00e9rrez mostr\u00f3 al mandatario el nuevo traje y rifle de \u00faltima generaci\u00f3n que adquiri\u00f3 para competir en [&hellip;]<\/p>\n","protected":false},"author":2,"featured_media":972,"comment_status":"open","ping_status":"open","sticky":false,"template":"","format":"standard","meta":{"footnotes":""},"categories":[25,23],"tags":[],"class_list":{"0":"post-971","1":"post","2":"type-post","3":"status-publish","4":"format-standard","5":"has-post-thumbnail","7":"category-deportes","8":"category-destacados"},"aioseo_notices":[],"_links":{"self":[{"href":"https:\/\/elfaroonline.com.ar\/index.php\/wp-json\/wp\/v2\/posts\/971","targetHints":{"allow":["GET"]}}],"collection":[{"href":"https:\/\/elfaroonline.com.ar\/index.php\/wp-json\/wp\/v2\/posts"}],"about":[{"href":"https:\/\/elfaroonline.com.ar\/index.php\/wp-json\/wp\/v2\/types\/post"}],"author":[{"embeddable":true,"href":"https:\/\/elfaroonline.com.ar\/index.php\/wp-json\/wp\/v2\/users\/2"}],"replies":[{"embeddable":true,"href":"https:\/\/elfaroonline.com.ar\/index.php\/wp-json\/wp\/v2\/comments?post=971"}],"version-history":[{"count":1,"href":"https:\/\/elfaroonline.com.ar\/index.php\/wp-json\/wp\/v2\/posts\/971\/revisions"}],"predecessor-version":[{"id":973,"href":"https:\/\/elfaroonline.com.ar\/index.php\/wp-json\/wp\/v2\/posts\/971\/revisions\/973"}],"wp:featuredmedia":[{"embeddable":true,"href":"https:\/\/elfaroonline.com.ar\/index.php\/wp-json\/wp\/v2\/media\/972"}],"wp:attachment":[{"href":"https:\/\/elfaroonline.com.ar\/index.php\/wp-json\/wp\/v2\/media?parent=971"}],"wp:term":[{"taxonomy":"category","embeddable":true,"href":"https:\/\/elfaroonline.com.ar\/index.php\/wp-json\/wp\/v2\/categories?post=971"},{"taxonomy":"post_tag","embeddable":true,"href":"https:\/\/elfaroonline.com.ar\/index.php\/wp-json\/wp\/v2\/tags?post=971"}],"curies":[{"name":"wp","href":"https:\/\/api.w.org\/{rel}","templated":true}]}}