{"id":977,"date":"2024-06-16T19:13:20","date_gmt":"2024-06-16T22:13:20","guid":{"rendered":"https:\/\/elfaroonline.com.ar\/?p=977"},"modified":"2024-06-16T19:13:20","modified_gmt":"2024-06-16T22:13:20","slug":"grandes-artistas-mas-de-500-de-artesanos-y-todo-el-despliegue-de-identidad-en-el-poncho-2024","status":"publish","type":"post","link":"https:\/\/elfaroonline.com.ar\/index.php\/2024\/06\/16\/grandes-artistas-mas-de-500-de-artesanos-y-todo-el-despliegue-de-identidad-en-el-poncho-2024\/","title":{"rendered":"Grandes artistas, m\u00e1s de 500 de artesanos y todo el despliegue de identidad en el Poncho 2024"},"content":{"rendered":"<p dir=\"ltr\">Se present\u00f3 oficialmente la Fiesta Nacional e Internacional del Poncho, con un evento abierto al p\u00fablico en el Cine Teatro Catamarca, donde se di\u00f3 a conocer la cartelera art\u00edstica y las distintas propuestas que tendr\u00e1 la 53\u00b0 edici\u00f3n del festival, que se desarrollar\u00e1 desde el 12 al 21 de julio en el Predio Ferial.<\/p>\n<p dir=\"ltr\">En esta edici\u00f3n, el escenario mayor ofrecer\u00e1 siete noches de celebraci\u00f3n, con figuras nacionales de primer nivel como Peteco Carabajal con Riendas Libres, Destino San Javier, Los Manseros Santiague\u00f1os, Orellana Lucca, Jorge Rojas, Los Tekis, Los Nocheros, Sergio Galleguillo, Miranda!, Emanero, La Beriso, Ke Personajes, Dami\u00e1n C\u00f3rdoba y Q&#8217; Lokura.<\/p>\n<p dir=\"ltr\">El Patio de las Provincias, el otro gran escenario de la fiesta, ofrecer\u00e1 todas las tardes espect\u00e1culos con artistas locales y nacionales de todos los g\u00e9neros musicales, que se podr\u00e1n disfrutar de forma gratuita. Entre los artistas convocados a este espacio figuran La Bersuit, Jean Carlos, La Barra, El Super Huguito, Canto 4, Franco Barrionuevo, Los Kijanos, Paquito Oca\u00f1a y N\u00e9stor Garnica.<\/p>\n<p dir=\"ltr\">El lanzamiento oficial de la fiesta estuvo a cargo de la ministra de Cultura, Turismo y Deporte, Daiana Rold\u00e1n, acompa\u00f1ada por las secretarias de Gesti\u00f3n Tur\u00edstica, Evangelina Quar\u00edn; de Gesti\u00f3n Cultural, Laura Maubec\u00edn y el secretario de Deportes, Guillermo Perna quienes brindaron detalles de los distintos sectores de la fiesta y la programaci\u00f3n de los tres escenarios que, durante los diez d\u00edas que dura el evento, convocar\u00e1n con m\u00fasica y danza.<\/p>\n<p dir=\"ltr\">El acto oficial cont\u00f3 tambi\u00e9n con la presencia del gobernador Ra\u00fal Jalil y el intendente de la Capital, Gustavo Saadi,y acompa\u00f1amiento de artesanos, artistas, y autoridades provinciales.<\/p>\n<p dir=\"ltr\">La ministra destac\u00f3 la decisi\u00f3n del gobernador Ra\u00fal Jalil de invertir en la realizaci\u00f3n de la fiesta, &#8220;gracias por creer en las fiestas populares como algo esencial para el desarrollo econ\u00f3mico local, por mantener viva la cultura de nuestra querida provincia&#8221;.<\/p>\n<p>&nbsp;<\/p>\n<p dir=\"ltr\">&#8220;El Poncho es desarrollo econ\u00f3mico para Catamarca. Es trabajo y es desarrollo tur\u00edstico. Sabemos que miles de turistas visitan Catamarca en julio para vivir la Fiesta del Poncho y luego recorren el resto de la provincia&#8221;, agreg\u00f3 Rold\u00e1n.<\/p>\n<p>&nbsp;<\/p>\n<p dir=\"ltr\">Tambi\u00e9n remarc\u00f3 el acompa\u00f1amiento y el trabajo cooperado entre el sector privado y el Estado. Coment\u00f3 que esta edici\u00f3n cuenta nuevamente con el acompa\u00f1amiento del Banco Naci\u00f3n con la promoci\u00f3n &#8220;Poncho de ensue\u00f1o&#8221;, que ofrecer\u00e1 importantes descuentos y cuotas sin inter\u00e9s en alojamiento, gastronom\u00eda, entradas, artesan\u00edas y otros consumos, Como en ediciones anteriores, se sortear\u00e1 un auto 0 km con al aporte del grupo Ledian y contar\u00e1 con el respaldo de otras 45 empresas que apuestan y acompa\u00f1an el Poncho.<\/p>\n<p>&nbsp;<\/p>\n<p dir=\"ltr\">Por su parte, la secretaria de Gesti\u00f3n Tur\u00edstica, Evangelina Quar\u00edn destac\u00f3 que &#8220;El Poncho es el emblema que tenemos como pol\u00edtica de Estado para el desarrollo tur\u00edstico en la provincia porque cada vez significa m\u00e1s trabajo para cientos de empresas catamarque\u00f1as que de una u otra manera trabajan o proveen alg\u00fan servicio vinculado a todo el movimiento tur\u00edstico que se genera en torno a la fiesta&#8221;.<\/p>\n<p>&nbsp;<\/p>\n<p dir=\"ltr\">En este sentido anunci\u00f3 que por primera vez en el stand provincial de Turismo habr\u00e1 un espacio para el sector privado donde agencias de viaje y prestadores tur\u00edsticos podr\u00e1n ofrecer sus productos y paquetes a los visitantes, fortaleciendo as\u00ed la comercializaci\u00f3n de sus servicios. Y que, para atender la gran demanda tur\u00edstica, Aerol\u00edneas Argentinas increment\u00f3 la frecuencia de vuelos directos a Catamarca durante el mes de julio.<\/p>\n<p>&nbsp;<\/p>\n<p dir=\"ltr\">La secretaria de Gesti\u00f3n Cultural, Laura Maubec\u00edn fue la encargada del anuncio de la cartelera de los distintos escenarios y destac\u00f3 que &#8220;por cuarto a\u00f1o consecutivo la fiesta del Poncho obtuvo el cupo femenino en sus escenarios, otorgado por el INAMU&#8221;.<\/p>\n<p>&nbsp;<\/p>\n<p dir=\"ltr\">El secretario de Deportes, Guillermo Perna coment\u00f3 que regresa &#8220;Zona Deportiva&#8221; a la Fiesta del Poncho, con actividades deportivas y recreativas gratuitas para todas edades y anunci\u00f3 la incorporaci\u00f3n del Estadio Bicentenario al polo tur\u00edstico del Poncho, con la apertura de un local gastron\u00f3mico en el lugar, la posibilidad de realizar paseos en globos aerost\u00e1ticos y la vuelta de las tres copas de la selecci\u00f3n para que puedan fotografiarse todos los visitantes a la fiesta.<\/p>\n<p dir=\"ltr\">.<\/p>\n<p>&nbsp;<\/p>\n<p dir=\"ltr\">Artesan\u00edas, turismo y dise\u00f1o<\/p>\n<p dir=\"ltr\">En esta oportunidad m\u00e1s de 500 artesanos, entre provinciales, nacionales e internacionales, de los diferentes rubros artesanales estar\u00e1n exponiendo sus creaciones. De ese n\u00famero, alrededor de 200 son artesanos catamarque\u00f1os quienes, al igual que a\u00f1os anteriores, podr\u00e1n acceder sin costo a los stands de exposici\u00f3n, adem\u00e1s de contar con alojamiento gratuito durante los 10 d\u00edas de la fiesta en el CIIC de nuestra provincia.<\/p>\n<p dir=\"ltr\">En el Pabell\u00f3n de Turismo el p\u00fablico podr\u00e1 conocer la oferta tur\u00edstica de Catamarca con la presencia de 32 municipios promocionando sus atractivos y propuestas en un recorrido que simula un viaje por todas las regiones. Tambi\u00e9n contar\u00e1 con un escenario con cartelera propia, en el que se realizar\u00e1n presentaciones de distintas expresiones art\u00edsticas.<\/p>\n<p dir=\"ltr\">El espacio Poncho Dise\u00f1o reunir\u00e1 a 34 dise\u00f1adoras y dise\u00f1adores de Catamarca, con un atractivo despliegue de productos que apuestan por la creatividad y la innovaci\u00f3n.<\/p>\n<p dir=\"ltr\">El acto de presentaci\u00f3n oficial de la fiesta tuvo un homenaje a la cantora catamarque\u00f1a Silvia Pacheco, recientemente fallecida, destacando su obra y su legado; y un gran despliegue esc\u00e9nico con la actuaci\u00f3n del Ballet Folkl\u00f3rico Estable Municipal de SFVC junto a las cantantes Loy Carrizo, Deby Gianoglio, Luz Segura, los cantantes Agustin Isasmendi, Emilio Morales y Hugo Nanni; y los instrumentistas Facundo Mart\u00ednez, Tomas Maldonado, Roberto Rasgido, Leo Rasgido, Pablo Figueroa y Luis Baz\u00e1n.<\/p>\n<p dir=\"ltr\">Como forma de ir preparando el clima de fiesta, la presentaci\u00f3n oficial tuvo la previa &#8220;Palpitando el Poncho&#8221;, en el Paseo de la Fe, donde actuaron Los Hermanos Rodr\u00edguez, Itat\u00ed, Mar\u00eda Paula Godoy, Kaly Barrionuevo y Las Voces del Viento. Todo fue transmitido en vivo a trav\u00e9s de Catamarca Radio y Televisi\u00f3n. Tambi\u00e9n se realizaron acciones de promoci\u00f3n del evento mayor de los catamarque\u00f1os en distintos bares del centro y estaciones de servicio de la ciudad.<\/p>\n<p dir=\"ltr\">Cartelera Escenario Mayor<\/p>\n<p dir=\"ltr\">VIERNES 12 DE JULIO &#8211; 21 HS<\/p>\n<p dir=\"ltr\">Filarm\u00f3nica SOIJAr<\/p>\n<p dir=\"ltr\">Ballet Somos Danza<\/p>\n<p dir=\"ltr\">Bel\u00e9n Parma<\/p>\n<p dir=\"ltr\">Ecos del Litoral<\/p>\n<p dir=\"ltr\">Germ\u00e1n Cano<\/p>\n<p dir=\"ltr\">Tamara Paz<\/p>\n<p dir=\"ltr\">Alico Espiloc\u00edn<\/p>\n<p dir=\"ltr\">Cololo Macedo<\/p>\n<p dir=\"ltr\">Peteco con Riendas Sueltas<\/p>\n<p dir=\"ltr\">Ballet Semblanzas<\/p>\n<p dir=\"ltr\">N\u00e9stor Pacheco<\/p>\n<p dir=\"ltr\">Nicol\u00e1s Reyna<\/p>\n<p dir=\"ltr\">Destino San Javier<\/p>\n<p>&nbsp;<\/p>\n<p dir=\"ltr\">\n<p dir=\"ltr\">S\u00c1BADO 13 DE JULIO &#8211; 21 HS<\/p>\n<p>&nbsp;<\/p>\n<p dir=\"ltr\">Coro Polif\u00f3nico de Catamarca<\/p>\n<p dir=\"ltr\">Luis Castellano Tango<\/p>\n<p dir=\"ltr\">Nena Herrera Tango<\/p>\n<p dir=\"ltr\">Ballet Huellas Norte\u00f1as Catamarca<\/p>\n<p dir=\"ltr\">Federico Miranda<\/p>\n<p dir=\"ltr\">Academia Atahualpa Yupanqui<\/p>\n<p dir=\"ltr\">D\u00fao Orellana Lucca<\/p>\n<p dir=\"ltr\">El Arribe\u00f1o Ballet<\/p>\n<p dir=\"ltr\">Mar\u00eda Paula Godoy<\/p>\n<p dir=\"ltr\">Academia de Folklore El Malambo<\/p>\n<p dir=\"ltr\">Loy Carrizo<\/p>\n<p dir=\"ltr\">Miranda!<\/p>\n<p dir=\"ltr\">\n<p dir=\"ltr\">DOMINGO 14 DE JULIO &#8211; 21 HS<\/p>\n<p>&nbsp;<\/p>\n<p dir=\"ltr\">Compa\u00f1\u00eda &#8220;Destino Tango&#8221;<\/p>\n<p dir=\"ltr\">Noelia D\u00edaz Negracha<\/p>\n<p dir=\"ltr\">Delegaci\u00f3n Regional Puna<\/p>\n<p dir=\"ltr\">Wilson Figueroa<\/p>\n<p dir=\"ltr\">Los Hermanos Rodr\u00edguez<\/p>\n<p dir=\"ltr\">Los Manseros Santiague\u00f1os<\/p>\n<p dir=\"ltr\">Itat\u00cd<\/p>\n<p dir=\"ltr\">Vit\u00edn Martoccia<\/p>\n<p dir=\"ltr\">Ballet Folkl\u00f3rico Rubinstein<\/p>\n<p dir=\"ltr\">Emanero<\/p>\n<p dir=\"ltr\">Los Rieles<\/p>\n<p dir=\"ltr\">Emilio Morales<\/p>\n<p dir=\"ltr\">Dami\u00e1n C\u00f3rdoba<\/p>\n<p dir=\"ltr\">Turco Ale \u00c1yame<\/p>\n<p dir=\"ltr\">\n<p dir=\"ltr\">JUEVES 18 DE JULIO &#8211; 21 HS<\/p>\n<p>&nbsp;<\/p>\n<p dir=\"ltr\">Ballet Folkl\u00f3rico El Reencuentro<\/p>\n<p dir=\"ltr\">Aldo Luna<\/p>\n<p dir=\"ltr\">Carla Romero<\/p>\n<p dir=\"ltr\">Grupo Vocal Pirca<\/p>\n<p dir=\"ltr\">Ballet El Montaraz<\/p>\n<p dir=\"ltr\">Agust\u00edn Isasmendi<\/p>\n<p dir=\"ltr\">Nadia Larcher<\/p>\n<p dir=\"ltr\">Sergio Galleguillo<\/p>\n<p dir=\"ltr\">Ballet Folkl\u00f3rico Estable Municipal de SFVC<\/p>\n<p dir=\"ltr\">Germ\u00e1n Fuentes<\/p>\n<p dir=\"ltr\">Noelia Tula<\/p>\n<p dir=\"ltr\">La Beriso<\/p>\n<p dir=\"ltr\">\n<p dir=\"ltr\">VIERNES 19 DE JULIO &#8211; 21 HS<\/p>\n<p>&nbsp;<\/p>\n<p dir=\"ltr\">Compa\u00f1\u00eda de Danzas Meraki<\/p>\n<p dir=\"ltr\">Las Milonguitas<\/p>\n<p dir=\"ltr\">Yuri Salguero Tango<\/p>\n<p dir=\"ltr\">Fernanda Cruz<\/p>\n<p dir=\"ltr\">Resonancia<\/p>\n<p dir=\"ltr\">Academia de Danzas Yawar Waina<\/p>\n<p dir=\"ltr\">Kaly Barrionuevo<\/p>\n<p dir=\"ltr\">Jorge Rojas<\/p>\n<p dir=\"ltr\">Danzar Joven<\/p>\n<p dir=\"ltr\">Los Mellizos<\/p>\n<p dir=\"ltr\">Caravana Catucha<\/p>\n<p dir=\"ltr\">Los Tekis<\/p>\n<p dir=\"ltr\">\n<p dir=\"ltr\">\n<p dir=\"ltr\">S\u00c1BADO 20 DE JULIO &#8211; 21 HS<\/p>\n<p>&nbsp;<\/p>\n<p dir=\"ltr\">Eulalias Compa\u00f1\u00eda de Danzas Femeninas<\/p>\n<p dir=\"ltr\">Hugo Nanni<\/p>\n<p dir=\"ltr\">Ballet Pepe D\u00edaz<\/p>\n<p dir=\"ltr\">Leticia Aranda<\/p>\n<p dir=\"ltr\">Los Hilos del Viento<\/p>\n<p dir=\"ltr\">Freddy Romero<\/p>\n<p dir=\"ltr\">Carafea<\/p>\n<p dir=\"ltr\">Los Nocheros<\/p>\n<p dir=\"ltr\">El Belicho Pascual Guti\u00e9rrez<\/p>\n<p dir=\"ltr\">Ballet Piriqui P\u00e9rez<\/p>\n<p dir=\"ltr\">Luz Segura<\/p>\n<p dir=\"ltr\">Q`Lokura<\/p>\n<p dir=\"ltr\">\n<p dir=\"ltr\">DOMINGO 21 DE JULIO &#8211; 21 HS<\/p>\n<p>&nbsp;<\/p>\n<p dir=\"ltr\">Compa\u00f1\u00eda de Tango Mala Junta<\/p>\n<p dir=\"ltr\">Ballet Argentina<\/p>\n<p dir=\"ltr\">Grupo Ayk\u00e9n<\/p>\n<p dir=\"ltr\">Valent\u00edn Asesor<\/p>\n<p dir=\"ltr\">Daniela Figueroa<\/p>\n<p dir=\"ltr\">Estudio de Malambo Ch\u00facaros<\/p>\n<p dir=\"ltr\">Las Voces del Viento<\/p>\n<p dir=\"ltr\">Emilce Quinteros<\/p>\n<p dir=\"ltr\">Ballet El Gaucho<\/p>\n<p dir=\"ltr\">DJ Johni Monz\u00f3n<\/p>\n<p dir=\"ltr\">Ke Personajes<\/p>\n","protected":false},"excerpt":{"rendered":"<p>Se present\u00f3 oficialmente la Fiesta Nacional e Internacional del Poncho, con un evento abierto al p\u00fablico en el Cine Teatro Catamarca, donde se di\u00f3 a conocer la cartelera art\u00edstica y las distintas propuestas que tendr\u00e1 la 53\u00b0 edici\u00f3n del festival, que se desarrollar\u00e1 desde el 12 al 21 de julio en el Predio Ferial. En [&hellip;]<\/p>\n","protected":false},"author":2,"featured_media":978,"comment_status":"open","ping_status":"open","sticky":false,"template":"","format":"standard","meta":{"footnotes":""},"categories":[20],"tags":[],"class_list":{"0":"post-977","1":"post","2":"type-post","3":"status-publish","4":"format-standard","5":"has-post-thumbnail","7":"category-sociedad"},"aioseo_notices":[],"_links":{"self":[{"href":"https:\/\/elfaroonline.com.ar\/index.php\/wp-json\/wp\/v2\/posts\/977","targetHints":{"allow":["GET"]}}],"collection":[{"href":"https:\/\/elfaroonline.com.ar\/index.php\/wp-json\/wp\/v2\/posts"}],"about":[{"href":"https:\/\/elfaroonline.com.ar\/index.php\/wp-json\/wp\/v2\/types\/post"}],"author":[{"embeddable":true,"href":"https:\/\/elfaroonline.com.ar\/index.php\/wp-json\/wp\/v2\/users\/2"}],"replies":[{"embeddable":true,"href":"https:\/\/elfaroonline.com.ar\/index.php\/wp-json\/wp\/v2\/comments?post=977"}],"version-history":[{"count":1,"href":"https:\/\/elfaroonline.com.ar\/index.php\/wp-json\/wp\/v2\/posts\/977\/revisions"}],"predecessor-version":[{"id":979,"href":"https:\/\/elfaroonline.com.ar\/index.php\/wp-json\/wp\/v2\/posts\/977\/revisions\/979"}],"wp:featuredmedia":[{"embeddable":true,"href":"https:\/\/elfaroonline.com.ar\/index.php\/wp-json\/wp\/v2\/media\/978"}],"wp:attachment":[{"href":"https:\/\/elfaroonline.com.ar\/index.php\/wp-json\/wp\/v2\/media?parent=977"}],"wp:term":[{"taxonomy":"category","embeddable":true,"href":"https:\/\/elfaroonline.com.ar\/index.php\/wp-json\/wp\/v2\/categories?post=977"},{"taxonomy":"post_tag","embeddable":true,"href":"https:\/\/elfaroonline.com.ar\/index.php\/wp-json\/wp\/v2\/tags?post=977"}],"curies":[{"name":"wp","href":"https:\/\/api.w.org\/{rel}","templated":true}]}}