{"id":980,"date":"2024-06-16T19:16:47","date_gmt":"2024-06-16T22:16:47","guid":{"rendered":"https:\/\/elfaroonline.com.ar\/?p=980"},"modified":"2024-06-16T19:16:47","modified_gmt":"2024-06-16T22:16:47","slug":"catamarca-lleva-adelante-el-programa-nacional-de-descontaminacion-y-compactacion","status":"publish","type":"post","link":"https:\/\/elfaroonline.com.ar\/index.php\/2024\/06\/16\/catamarca-lleva-adelante-el-programa-nacional-de-descontaminacion-y-compactacion\/","title":{"rendered":"Catamarca lleva adelante el Programa Nacional de Descontaminaci\u00f3n y Compactaci\u00f3n"},"content":{"rendered":"<p class=\"v1MsoNormal\"><i>El Ministerio de Seguridad implementa el programa de compactaci\u00f3n para veh\u00edculos secuestrados y judicializados.<\/i><\/p>\n<p class=\"v1MsoNormal\">El gobernador Ra\u00fal Jalil, junto a la ministra de Seguridad, Fabiola Segura, y el ministro de la Corte de Justicia, Hern\u00e1n Martel, recorri\u00f3 las instalaciones del Predio del Polideportivo Policial donde pudo verificar la implementaci\u00f3n en Catamarca de la primera etapa del Programa Nacional de Descontaminaci\u00f3n y Compactaci\u00f3n (PRODECO), que consiste en la descontaminaci\u00f3n y compactaci\u00f3n de veh\u00edculos y elementos secuestrados y judicializados.<\/p>\n<p class=\"v1MsoNormal\">Esta iniciativa surge como respuesta a la problem\u00e1tica social y ambiental que genera la acumulaci\u00f3n de veh\u00edculos abandonados y secuestrados por las fuerzas federales y provinciales en distintos puntos del pa\u00eds.<\/p>\n<p class=\"v1MsoNormal\">En Catamarca, la empresa asignada por el Programa Nacional se encuentra en una primera etapa de compactaci\u00f3n en el predio policial con un total de 379 veh\u00edculos (cuadros de motos y autos) de la Polic\u00eda, el Servicio Penitenciario y la Corte de Justicia, equivalente entre 90 y 100 toneladas.<\/p>\n<p class=\"v1MsoNormal\">Asimismo, se inform\u00f3 que el objetivo de esta acci\u00f3n es reducir el da\u00f1o ambiental y generar insumos econ\u00f3micos y de reciclado para potenciar acciones sociales de organizaciones sin fines de lucro, al tiempo que se procedi\u00f3 a invitar a los intendentes a unirse al mencionado programa con el fin de federalizar en todo el \u00e1mbito de la provincia.<\/p>\n<p class=\"v1MsoNormal\">La ministra de Seguridad, <b>Fabiola Segura<\/b>, destac\u00f3 la puesta en marcha de este programa, entendiendo que &#8220;se trata de un trabajo conjunto con el Poder Judicial y que permite eliminar todos esos veh\u00edculos que se encontraba depositados en las comisar\u00edas y que no s\u00f3lo generaban una mala imagen sino tambi\u00e9n problemas ecol\u00f3gicos y ambientales&#8221;. Tambi\u00e9n destac\u00f3 el impacto social de esta medida, puesto que cada tonelada de compactaci\u00f3n posee un valor y el 90% de ese dinero se puede destinar a ONG y organizaciones con un fin social y que trabajan de manera activa.<\/p>\n<p class=\"v1MsoNormal\">Estuvieron presentes tambi\u00e9n el jefe de Polic\u00eda, Ulises C\u00f3rdoba; el diputado nacional, Sebasti\u00e1n N\u00f3blega; la intendenta de Santa Mar\u00eda, Erica Inga, entre otros representantes del \u00e1mbito judicial y de Seguridad.<\/p>\n","protected":false},"excerpt":{"rendered":"<p>El Ministerio de Seguridad implementa el programa de compactaci\u00f3n para veh\u00edculos secuestrados y judicializados. El gobernador Ra\u00fal Jalil, junto a la ministra de Seguridad, Fabiola Segura, y el ministro de la Corte de Justicia, Hern\u00e1n Martel, recorri\u00f3 las instalaciones del Predio del Polideportivo Policial donde pudo verificar la implementaci\u00f3n en Catamarca de la primera etapa [&hellip;]<\/p>\n","protected":false},"author":2,"featured_media":981,"comment_status":"open","ping_status":"open","sticky":false,"template":"","format":"standard","meta":{"footnotes":""},"categories":[27],"tags":[],"class_list":{"0":"post-980","1":"post","2":"type-post","3":"status-publish","4":"format-standard","5":"has-post-thumbnail","7":"category-policiales"},"aioseo_notices":[],"_links":{"self":[{"href":"https:\/\/elfaroonline.com.ar\/index.php\/wp-json\/wp\/v2\/posts\/980","targetHints":{"allow":["GET"]}}],"collection":[{"href":"https:\/\/elfaroonline.com.ar\/index.php\/wp-json\/wp\/v2\/posts"}],"about":[{"href":"https:\/\/elfaroonline.com.ar\/index.php\/wp-json\/wp\/v2\/types\/post"}],"author":[{"embeddable":true,"href":"https:\/\/elfaroonline.com.ar\/index.php\/wp-json\/wp\/v2\/users\/2"}],"replies":[{"embeddable":true,"href":"https:\/\/elfaroonline.com.ar\/index.php\/wp-json\/wp\/v2\/comments?post=980"}],"version-history":[{"count":1,"href":"https:\/\/elfaroonline.com.ar\/index.php\/wp-json\/wp\/v2\/posts\/980\/revisions"}],"predecessor-version":[{"id":982,"href":"https:\/\/elfaroonline.com.ar\/index.php\/wp-json\/wp\/v2\/posts\/980\/revisions\/982"}],"wp:featuredmedia":[{"embeddable":true,"href":"https:\/\/elfaroonline.com.ar\/index.php\/wp-json\/wp\/v2\/media\/981"}],"wp:attachment":[{"href":"https:\/\/elfaroonline.com.ar\/index.php\/wp-json\/wp\/v2\/media?parent=980"}],"wp:term":[{"taxonomy":"category","embeddable":true,"href":"https:\/\/elfaroonline.com.ar\/index.php\/wp-json\/wp\/v2\/categories?post=980"},{"taxonomy":"post_tag","embeddable":true,"href":"https:\/\/elfaroonline.com.ar\/index.php\/wp-json\/wp\/v2\/tags?post=980"}],"curies":[{"name":"wp","href":"https:\/\/api.w.org\/{rel}","templated":true}]}}