{"id":990,"date":"2024-06-16T19:24:54","date_gmt":"2024-06-16T22:24:54","guid":{"rendered":"https:\/\/elfaroonline.com.ar\/?p=990"},"modified":"2024-06-16T19:24:54","modified_gmt":"2024-06-16T22:24:54","slug":"la-desocupacion-se-convirtio-en-la-principal-preocupacion-de-la-sociedad-segun-una-encuesta","status":"publish","type":"post","link":"https:\/\/elfaroonline.com.ar\/index.php\/2024\/06\/16\/la-desocupacion-se-convirtio-en-la-principal-preocupacion-de-la-sociedad-segun-una-encuesta\/","title":{"rendered":"La desocupaci\u00f3n se convirti\u00f3 en la principal preocupaci\u00f3n de la sociedad, seg\u00fan una encuesta"},"content":{"rendered":"<p>Por primera vez desde que <b>Javier Milei <\/b>asumi\u00f3 como Presidente, <b>la desocupaci\u00f3n se transform\u00f3 en la principal preocupaci\u00f3n<\/b> de los argentinos. Supera, seg\u00fan el \u00faltimo informe sobre \u201cExpectativa Econ\u00f3mica\u201d realizado por la consultora Opina Argentina, a la inflaci\u00f3n, y representa <b>una se\u00f1al de alerta<\/b> para el Gobierno sobre cierta fatiga en el humor social respecto a la evoluci\u00f3n general de la econom\u00eda.<\/p>\n<p>De acuerdo el estudio, el temor de la gente a perder su trabajo creci\u00f3 ocho puntos en el \u00faltimo mes y se ubica en un 37%, muy por encima de la inflaci\u00f3n (29%) y la corrupci\u00f3n (22%). M\u00e1s all\u00e1 de este dato, <b>hay un n\u00famero alentador para el Gobierno<\/b> cuando se indaga sobre c\u00f3mo es la situaci\u00f3n econ\u00f3mica actual personal:<b> entre abril y junio, el porcentaje que dice no llegar a fin de mes baj\u00f3 de 40 a 29%<\/b>.<\/p>\n<p>Este \u00faltimo punto, que ven\u00eda expandi\u00e9ndose desde diciembre a abril, se encuentra estabilizado en el \u00faltimo bimestre y solo tres de cada 10 encuestados cree que su situaci\u00f3n econ\u00f3mica mejorar\u00e1 en el futuro inmediato. Entre los votantes libertarios el optimismo alcanza al 60%.<\/p>\n","protected":false},"excerpt":{"rendered":"<p>Por primera vez desde que Javier Milei asumi\u00f3 como Presidente, la desocupaci\u00f3n se transform\u00f3 en la principal preocupaci\u00f3n de los argentinos. Supera, seg\u00fan el \u00faltimo informe sobre \u201cExpectativa Econ\u00f3mica\u201d realizado por la consultora Opina Argentina, a la inflaci\u00f3n, y representa una se\u00f1al de alerta para el Gobierno sobre cierta fatiga en el humor social respecto [&hellip;]<\/p>\n","protected":false},"author":2,"featured_media":991,"comment_status":"open","ping_status":"open","sticky":false,"template":"","format":"standard","meta":{"footnotes":""},"categories":[22],"tags":[],"class_list":{"0":"post-990","1":"post","2":"type-post","3":"status-publish","4":"format-standard","5":"has-post-thumbnail","7":"category-nacionales"},"aioseo_notices":[],"_links":{"self":[{"href":"https:\/\/elfaroonline.com.ar\/index.php\/wp-json\/wp\/v2\/posts\/990","targetHints":{"allow":["GET"]}}],"collection":[{"href":"https:\/\/elfaroonline.com.ar\/index.php\/wp-json\/wp\/v2\/posts"}],"about":[{"href":"https:\/\/elfaroonline.com.ar\/index.php\/wp-json\/wp\/v2\/types\/post"}],"author":[{"embeddable":true,"href":"https:\/\/elfaroonline.com.ar\/index.php\/wp-json\/wp\/v2\/users\/2"}],"replies":[{"embeddable":true,"href":"https:\/\/elfaroonline.com.ar\/index.php\/wp-json\/wp\/v2\/comments?post=990"}],"version-history":[{"count":1,"href":"https:\/\/elfaroonline.com.ar\/index.php\/wp-json\/wp\/v2\/posts\/990\/revisions"}],"predecessor-version":[{"id":992,"href":"https:\/\/elfaroonline.com.ar\/index.php\/wp-json\/wp\/v2\/posts\/990\/revisions\/992"}],"wp:featuredmedia":[{"embeddable":true,"href":"https:\/\/elfaroonline.com.ar\/index.php\/wp-json\/wp\/v2\/media\/991"}],"wp:attachment":[{"href":"https:\/\/elfaroonline.com.ar\/index.php\/wp-json\/wp\/v2\/media?parent=990"}],"wp:term":[{"taxonomy":"category","embeddable":true,"href":"https:\/\/elfaroonline.com.ar\/index.php\/wp-json\/wp\/v2\/categories?post=990"},{"taxonomy":"post_tag","embeddable":true,"href":"https:\/\/elfaroonline.com.ar\/index.php\/wp-json\/wp\/v2\/tags?post=990"}],"curies":[{"name":"wp","href":"https:\/\/api.w.org\/{rel}","templated":true}]}}