{"id":994,"date":"2024-06-17T22:26:36","date_gmt":"2024-06-18T01:26:36","guid":{"rendered":"https:\/\/elfaroonline.com.ar\/?p=994"},"modified":"2024-06-17T22:26:36","modified_gmt":"2024-06-18T01:26:36","slug":"un-motociclista-perdio-la-vida-tras-un-siniestro-vial-en-el-sector-norte-de-la-capital","status":"publish","type":"post","link":"https:\/\/elfaroonline.com.ar\/index.php\/2024\/06\/17\/un-motociclista-perdio-la-vida-tras-un-siniestro-vial-en-el-sector-norte-de-la-capital\/","title":{"rendered":"Un motociclista perdi\u00f3 la vida tras un siniestro vial en el sector Norte de la Capital"},"content":{"rendered":"<p class=\"v1MsoNormal\">Hoy, a las <b>05:55<\/b>, por requerimiento del <b>SAE-911<\/b>, efectivos de la <b>Seccional S\u00e9ptima<\/b> se hicieron presentes en la intersecci\u00f3n de avenida Los Legisladores y pasaje Sumampa, donde se habr\u00eda producido un siniestro vial fatal.<\/p>\n<p class=\"v1MsoNormal\">En el lugar, los polic\u00edas constataron que, mientras un hombre identificado como <b>Gustavo Guillermo Acevedo (41)<\/b>, circulaba en una motocicleta Motomel Skua 150 cc., dominio 401-KYW, de color negro, por causas que se investigan, perdi\u00f3 el control del rodado y cay\u00f3 a la cinta asf\u00e1ltica.<\/p>\n<p class=\"v1MsoNormal\">Producto del siniestro, el motociclista perdi\u00f3 la vida en el acto a ra\u00edz de las graves lesiones sufridas, por lo que intervino personal m\u00e9dico del SAME, Peritos de la Direcci\u00f3n General de Criminal\u00edstica de la Polic\u00eda de la Provincia y Sumariantes del Precinto Judicial N\u00b0 7 para labrar las actuaciones correspondientes, bajo las directivas de la Fiscal\u00eda de Instrucci\u00f3n en turno del Distrito Norte, desde donde se impartieron las medidas a cumplimentar.<\/p>\n","protected":false},"excerpt":{"rendered":"<p>Hoy, a las 05:55, por requerimiento del SAE-911, efectivos de la Seccional S\u00e9ptima se hicieron presentes en la intersecci\u00f3n de avenida Los Legisladores y pasaje Sumampa, donde se habr\u00eda producido un siniestro vial fatal. En el lugar, los polic\u00edas constataron que, mientras un hombre identificado como Gustavo Guillermo Acevedo (41), circulaba en una motocicleta Motomel [&hellip;]<\/p>\n","protected":false},"author":2,"featured_media":995,"comment_status":"open","ping_status":"open","sticky":false,"template":"","format":"standard","meta":{"footnotes":""},"categories":[23,27],"tags":[],"class_list":{"0":"post-994","1":"post","2":"type-post","3":"status-publish","4":"format-standard","5":"has-post-thumbnail","7":"category-destacados","8":"category-policiales"},"aioseo_notices":[],"_links":{"self":[{"href":"https:\/\/elfaroonline.com.ar\/index.php\/wp-json\/wp\/v2\/posts\/994","targetHints":{"allow":["GET"]}}],"collection":[{"href":"https:\/\/elfaroonline.com.ar\/index.php\/wp-json\/wp\/v2\/posts"}],"about":[{"href":"https:\/\/elfaroonline.com.ar\/index.php\/wp-json\/wp\/v2\/types\/post"}],"author":[{"embeddable":true,"href":"https:\/\/elfaroonline.com.ar\/index.php\/wp-json\/wp\/v2\/users\/2"}],"replies":[{"embeddable":true,"href":"https:\/\/elfaroonline.com.ar\/index.php\/wp-json\/wp\/v2\/comments?post=994"}],"version-history":[{"count":1,"href":"https:\/\/elfaroonline.com.ar\/index.php\/wp-json\/wp\/v2\/posts\/994\/revisions"}],"predecessor-version":[{"id":996,"href":"https:\/\/elfaroonline.com.ar\/index.php\/wp-json\/wp\/v2\/posts\/994\/revisions\/996"}],"wp:featuredmedia":[{"embeddable":true,"href":"https:\/\/elfaroonline.com.ar\/index.php\/wp-json\/wp\/v2\/media\/995"}],"wp:attachment":[{"href":"https:\/\/elfaroonline.com.ar\/index.php\/wp-json\/wp\/v2\/media?parent=994"}],"wp:term":[{"taxonomy":"category","embeddable":true,"href":"https:\/\/elfaroonline.com.ar\/index.php\/wp-json\/wp\/v2\/categories?post=994"},{"taxonomy":"post_tag","embeddable":true,"href":"https:\/\/elfaroonline.com.ar\/index.php\/wp-json\/wp\/v2\/tags?post=994"}],"curies":[{"name":"wp","href":"https:\/\/api.w.org\/{rel}","templated":true}]}}